{"id":262,"date":"2018-07-16T19:17:47","date_gmt":"2018-07-16T17:17:47","guid":{"rendered":"https:\/\/tidjaniya.com\/fr\/?p=262"},"modified":"2018-07-16T19:17:47","modified_gmt":"2018-07-16T17:17:47","slug":"ifadatou-l-ahmediyya-lil-mourid-as-sa-adatou-l-abadiyya-extrait-10","status":"publish","type":"post","link":"https:\/\/tidjaniya.com\/fr\/ifadatou-l-ahmediyya-lil-mourid-as-sa-adatou-l-abadiyya-extrait-10\/","title":{"rendered":"Ifadatou-l-Ahmediyya lil mourid As-Sa\u2019adatou-l-Abadiyya &#8211; Extrait 10"},"content":{"rendered":"<div class=\"content-text\">\n<p style=\"text-align: justify;\"><strong><span class=\"tgras\">-42- <\/span><\/strong>Se\u00efdina Ahmed Tidjani (qu\u2019Allah sanctifie son pr\u00e9cieux secret) a dit\u00a0:<\/p>\n<p style=\"text-align: justify;\"><span class=\"saidina\">\u00ab <span style=\"color: #628fdb;\"><strong>En ce qui me concerne je n\u2019ai plus aucun doute \u00e0 ce sujet, car je l\u2019ai entendu directement du Proph\u00e8te (que la pri\u00e8re et la paix d\u2019Allah soient sur lui) et pas qu\u2019une seule fois, et il m\u2019a dit \u00ab\u00a0Tu es v\u00e9ritablement mon fils\u00a0\u00bb. Quant \u00e0 lui, par Allah, il n\u2019a aucun lien de parent\u00e9 avec le proph\u00e8te (que la pri\u00e8re et la paix d\u2019Allah soient sur lui). <\/strong><\/span>\u00bb<\/span><\/p>\n<p style=\"text-align: justify;\"><span class=\"tgras\"><strong>La cause\u00a0<\/strong>:<\/span> Sidi Ta\u00efeb Sefiani (qu\u2019Allah l\u2019agr\u00e9e)\u00a0a dit : \u00ab<span class=\"paroles\"><span style=\"color: #800000;\"> Il l\u2019a dit au sujet du repr\u00e9sentant des Nobles Descendants (Achraf), car il lui a \u00e9t\u00e9 dit qu\u2019il \u00e9voquait la filiation de Se\u00efdina (qu\u2019Allah sanctifie son pr\u00e9cieux secret) en \u00e9mettant des doutes, aussi il a \u00e9voqu\u00e9 les propos ci-dessus.<\/span> \u00bb\u00a0<\/span><\/p>\n<p style=\"text-align: justify;\"><span class=\"tgras\"><strong>Commentaire<\/strong> : <\/span>Sidi Mohamed el Hafidh Misri\u00a0(qu\u2019Allah l\u2019agr\u00e9e)\u00a0a comment\u00e9 : Allah le Tr\u00e8s Haut dit\u00a0: <span class=\"coran\">\u00ab <strong><span style=\"color: #0000ff;\">Allah n&rsquo;aime pas qu&rsquo;on prof\u00e8re de mauvaises paroles sauf quand on a \u00e9t\u00e9 injustement provoqu\u00e9.<\/span><\/strong>\u00a0\u00bb (Sourate 04 Les femmes, verset 148)<\/span><\/p>\n<p style=\"text-align: justify;\"><span class=\"tgras\"><strong>Explication<\/strong>\u00a0: <\/span>Il est rapport\u00e9 dans \u00ab\u00a0<strong><span class=\"tgras\">Raoud el Mouhib fani<\/span>\u00a0<\/strong>\u00bb de Sidi Mohamed ibn Mechri (qu\u2019Allah l\u2019agr\u00e9e) : \u00ab\u00a0<span style=\"color: #800000;\"><span class=\"paroles\">Quant \u00e0 son origine, elle remonte \u00e0 Hassan ibn \u2018Ali. Sa g\u00e9n\u00e9alogie est authentique car Se\u00efdina ne se contentait pas d\u2019\u00e9couter ce qui se dit de la part des gens, ni ne se fiait \u00e0 ce qui \u00e9tait mentionn\u00e9 dans le certificat g\u00e9n\u00e9alogique, et ce jusqu\u2019\u00e0 ce qu\u2019il interrogea le Proph\u00e8te lui-m\u00eame\u00a0(que la pri\u00e8re et la paix d\u2019Allah soient sur lui) :<\/span> <strong><span style=\"color: #628fdb;\">\u00ab\u00a0<\/span><\/strong><span class=\"saidina\"><strong><span style=\"color: #628fdb;\">J\u2019ai interrog\u00e9 le ma\u00eetre de l\u2019existence au sujet de mon ascendance, suis-je un Ch\u00e9rif ou pas\u00a0? Ainsi qu\u2019en ce qui concerne la tribu de la ville o\u00f9 je suis n\u00e9, car elle se d\u00e9clare Ch\u00e9rif. Il m\u2019a r\u00e9pondu\u00a0:<\/span> \u00ab\u00a0Certainement tu es mon fils, certainement tu es mon fils, certainement tu es mon fils.\u00a0\u00bb <span style=\"color: #628fdb;\">et il l\u2019a r\u00e9p\u00e9t\u00e9 trois fois\u00a0\u00bb <\/span><\/strong><\/span><strong><span style=\"color: #628fdb;\"><span class=\"paroles\">Quant aux habitants de son village Cheikh m\u2019a dit\u00a0:<\/span><span class=\"saidina\"> \u00ab\u00a0Le Proph\u00e8te (que la pri\u00e8re et la paix d\u2019Allah soient sur lui) s\u2019est tu \u00e0 leurs sujets et il ne m\u2019a nullement confirm\u00e9 l\u2019authenticit\u00e9 de leur appartenance g\u00e9n\u00e9alogique.\u00a0\u00bb<\/span><\/span><\/strong><\/span><\/p>\n<p>  <!--more-->  <\/p>\n<p style=\"text-align: justify;\"><span class=\"paroles\">Cheikh n\u2019est pas de leur origine, car son anc\u00eatre s\u2019est install\u00e9 brusquement aupr\u00e8s d\u2019eux, mais ils n\u2019ont aucun lien de parent\u00e9 si ce n\u2019est par les femmes, il ne fut apparent\u00e9 \u00e0 eux que parce que son anc\u00eatre s\u2019est install\u00e9 parmi eux. C\u2019est ce dont m\u2019a inform\u00e9 Se\u00efdina\u2026\u00a0\u00bb<\/span><\/p>\n<p style=\"text-align: justify;\"><strong><span class=\"tgras\">-43-<\/span><\/strong> Se\u00efdina Ahmed Tidjani (qu\u2019Allah sanctifie son pr\u00e9cieux secret) a dit\u00a0:<\/p>\n<p style=\"text-align: justify;\"><span class=\"saidina\">\u00ab <strong><span style=\"color: #628fdb;\">Quant \u00e0 moi je n\u2019accomplirais pas le sacrifice avant dimanche<\/span><\/strong>. \u00bb <\/span><\/p>\n<p style=\"text-align: justify;\"><span class=\"tgras\"><strong>La cause<\/strong>\u00a0:<\/span> Sidi Ta\u00efeb Sefiani (qu\u2019Allah l\u2019agr\u00e9e)\u00a0a dit : <span style=\"color: #800000;\">\u00ab\u00a0<span class=\"paroles\">Pour le commencement du mois de Dhou-l-Hijja la lune fut voil\u00e9e, et trois jours avant le jour du \u2018A\u00efd le t\u00e9moignage de la vision de la lune est parvenu. Cela fut \u00e9voqu\u00e9 devant Se\u00efdina (qu\u2019Allah sanctifie son pr\u00e9cieux secret) et il interrogea sur les lieux o\u00f9 des gens t\u00e9moign\u00e8rent l\u2019avoir vu. On lui r\u00e9pondit que deux l\u2019ont vu \u00e0 Taza, et trois dans un autre lieu, et le reste encore dans un autre endroit. Il a alors \u00e9voqu\u00e9 les propos ci-dessus puis il ajouta\u00a0: <strong><span style=\"color: #628fdb;\">\u00ab\u00a0<\/span><\/strong><\/span><strong><span class=\"saidina\" style=\"color: #628fdb;\">Vu le nombre d\u2019habitants dans ces r\u00e9gions-l\u00e0, il conviendrait qu\u2019ils soient au nombre de cent plut\u00f4t que seulement douze personnes.<\/span><\/strong><span class=\"paroles\"><strong><span style=\"color: #628fdb;\">\u00bb<\/span><\/strong> Cependant le Qadi de la r\u00e9gion a sacrifi\u00e9 le samedi et les gens ont sacrifi\u00e9 avec lui, tandis que Se\u00efdina (qu\u2019Allah sanctifie son pr\u00e9cieux secret) a attendu le dimanche or il s\u2019av\u00e9ra que c\u2019\u00e9tait bien lui qui avait raison, et les gens se sont aper\u00e7us que dans toutes les r\u00e9gions le sacrifice a \u00e9t\u00e9 fait avant le \u2018A\u00efd, le jour de \u2018Arafat.\u00a0\u00bb<\/span><\/span><\/p>\n<p style=\"text-align: justify;\"><span class=\"tgras\"><strong>Commentaire<\/strong> : <\/span>Sidi Mohamed el Hafidh Misri\u00a0(qu\u2019Allah l\u2019agr\u00e9e)\u00a0a comment\u00e9 : \u00ab <span style=\"color: #800000;\">Parfois il arrive des illusions dans la vision comme cela \u00e9tait survenu \u00e0 l\u2019\u00e9poque des pieux anc\u00eatres. En effet, des musulmans avaient pr\u00e9tendu avoir vu la lune, et un homme \u00e0 la vue affaiblie avait dit\u00a0: \u00ab\u00a0Moi aussi je la vois \u00bb. Les gens pr\u00e9sents \u00e9taient \u00e9tonn\u00e9s, car comment se faisait-il que des gens ayant une bonne vue n\u2019avaient pas pu la voir. L\u2019un d\u2019entre eux regarda le visage du t\u00e9moin oculaire et s\u2019aper\u00e7ut de la pr\u00e9sence d\u2019un cheveu en travers, qui descendait de ses sourcils, il le releva puis il dit \u00e0 l\u2019homme\u00a0: \u00ab\u00a0O\u00f9 se trouve la lune\u00a0?\u00a0\u00bb Il r\u00e9pondit\u00a0: \u00ab\u00a0Je ne la vois plus \u00bb. Il n\u2019avait pas menti dans son t\u00e9moignage, mais ce ne fut qu\u2019une illusion oculaire. Or Se\u00efdina Ahmed Tidjani (qu\u2019Allah sanctifie son pr\u00e9cieux secret) fut inform\u00e9 par Allah de l\u2019illusion dont furent victimes les t\u00e9moins mentionn\u00e9s, et cela par d\u00e9voilement. Ce fut un prodige \u00e9vident qui d\u00e9montra l\u2019authenticit\u00e9 et la perfection de son d\u00e9voilement (qu\u2019Allah sanctifie son pr\u00e9cieux secret).\u00a0<\/span>\u00bb<\/p>\n<p style=\"text-align: justify;\"><strong><span class=\"tgras\">-44-<\/span> <\/strong>Se\u00efdina Ahmed Tidjani (qu\u2019Allah sanctifie son pr\u00e9cieux secret) a dit\u00a0:<\/p>\n<p style=\"text-align: justify;\"><span class=\"saidina\">\u00ab <strong><span style=\"color: #628fdb;\">Le minimum qu\u2019il est permis de r\u00e9citer dans l\u2019inclinaison et la prosternation, c\u2019est l\u2019\u00e9quivalent de trois glorifications en r\u00e9citant lentement ou six glorifications en r\u00e9citant rapidement.<\/span><\/strong> \u00bb <\/span><\/p>\n<p style=\"text-align: justify;\"><span class=\"tgras\"><strong>La cause<\/strong>\u00a0:<\/span> Sidi Ta\u00efeb Sefiani (qu\u2019Allah l\u2019agr\u00e9e)\u00a0a dit : \u00ab\u00a0<span style=\"color: #800000;\"><span class=\"paroles\">Il l\u2019a dit suite \u00e0 l\u2019interrogation sur le minimum de temps que doit rester le corps au cours de l\u2019inclinaison et de la prosternation, ce qu\u2019on appelle l\u2019attitude de parfaite qui\u00e9tude (<u>T<\/u>ama-ni-na). Il a r\u00e9pondu aussi une fois (qu\u2019Allah sanctifie son pr\u00e9cieux secret) \u00e0 quelqu\u2019un qui lui a demand\u00e9\u00a0: \u00ab\u00a0Dans le cas o\u00f9 l\u2019on rejoint l\u2019Imam (dans la pri\u00e8re, en inclinaison) et qu\u2019on a le temps d\u2019en faire que deux.\u00a0\u00bb Il r\u00e9pondit\u00a0: <strong><span style=\"color: #628fdb;\">\u00ab\u00a0<\/span><\/strong><\/span><strong><span class=\"saidina\" style=\"color: #628fdb;\">Dans ce cas on ne doit pas tenir compte de cette unit\u00e9 de pri\u00e8re l\u00e0 (Rak\u2019at).\u00a0<\/span><\/strong><\/span><strong><span class=\"paroles\" style=\"color: #628fdb;\">\u00bb <\/span><\/strong><\/p>\n<p style=\"text-align: justify;\"><span class=\"paroles\" style=\"color: #800000;\">Quant \u00e0 la formule de glorification (minimum) \u00e0 r\u00e9citer dans l\u2019inclinaison c\u2019est\u00a0: Gloire et Puret\u00e9 \u00e0 mon Seigneur l\u2019Immense (Soub-hana Rabbi-l-\u2018Adhim) et dans la prosternation c\u2019est\u00a0: Gloire et Puret\u00e9 \u00e0 mon Seigneur le Tr\u00e8s Haut (Soub-hana Rabbi-l-A\u2019la).<\/span><\/p>\n<p style=\"text-align: justify;\"><span class=\"tgras\"><strong>Commentaire<\/strong> : <\/span>Sidi Mohamed el Hafidh Misri\u00a0(qu\u2019Allah l\u2019agr\u00e9e)\u00a0a comment\u00e9 : \u00ab <span style=\"color: #800000;\">Se\u00efdina Ahmed Tidjani (qu\u2019Allah sanctifie son pr\u00e9cieux secret) a rejoint l\u2019avis juridique de ceux qui ont affirm\u00e9 que la dur\u00e9e de la posture de qui\u00e9tude dans l\u2019inclinaison et la prosternation doit \u00eatre de trois glorifications. Telle est l\u2019opinion de certains juristes et cela est mentionn\u00e9 par l\u2019Autorit\u00e9 Ibn Hajr dans le premier tome de son \u00ab\u00a0<span class=\"tgras\">Fath el Bari<\/span>\u00a0\u00bb au sujet de la parole du Proph\u00e8te (que la pri\u00e8re et la paix d\u2019Allah soient sur lui) rapport\u00e9 dans les Sunan\u00a0: \u00ab\u00a0Si l\u2019un de vous s\u2019incline, qu\u2019il dise trois fois \u00ab\u00a0<span class=\"tgras\">Soub-hana Rabbi-l-\u2018Adhim<\/span> \u00bb et ceci est le minimum et s\u2019il se prosterne qu\u2019il dise\u00a0:\u00a0\u00ab\u00a0<span class=\"tgras\">Soub-hana Rabbi-l-A\u2019la\u00a0<\/span>\u00bb trois fois et c\u2019est le minimum.\u00a0\u00bb et dans la version de Daraqotni et Tabarani\u00a0: \u00ab\u00a0<span class=\"tgras\">Soub-hana Rabbi-l-\u2018Adhim wa bihamdihi\u00a0<\/span>\u00bb et \u00ab\u00a0<span class=\"tgras\">Soub-hana Rabbi-l-A\u2019la\u00a0<\/span>\u00bb. C\u2019est un hadith Moursal et certains savants s\u2019en servent d\u2019appui dans leurs arguments. Il n\u2019y a aucun r\u00e9cit au sujet du Proph\u00e8te (que la pri\u00e8re et la paix d\u2019Allah soient sur lui) ni au sujet de ses compagnons faisant \u00e9tat qu\u2019ils ont diminu\u00e9 en dessous de trois glorifications pour l\u2019inclinaison ou la prosternation.\u00a0<\/span>\u00bb<\/p>\n<p style=\"text-align: justify;\"><strong><span class=\"tgras\">-45-<\/span><\/strong> Se\u00efdina Ahmed Tidjani (qu\u2019Allah sanctifie son pr\u00e9cieux secret) a dit\u00a0:<\/p>\n<p style=\"text-align: justify;\"><span class=\"saidina\">\u00ab<strong><span style=\"color: #628fdb;\"> Prends cinq de nos compagnons afin qu\u2019il passe la nuit avec moi<\/span><\/strong>.\u00bb<\/span><\/p>\n<p style=\"text-align: justify;\"><span class=\"tgras\"><strong>La cause\u00a0<\/strong>:<\/span> Sidi Ta\u00efeb Sefiani (qu\u2019Allah l\u2019agr\u00e9e)\u00a0a dit : \u00ab<span class=\"paroles\"><span style=\"color: #800000;\"> Il l\u2019a dit \u00e0 l\u2019un de ses compagnons la nuit pr\u00e9c\u00e9dent son d\u00e9c\u00e8s (qu\u2019Allah lui fasse mis\u00e9ricorde et l\u2019agr\u00e9e) ensuite il lui ordonna de d\u00e9laisser cela en ajoutant\u00a0: <strong><span style=\"color: #628fdb;\">\u00ab\u00a0Je ne peux me passer de serviteur cette nuit et il ne convient pas de favoriser la promiscuit\u00e9 entre homme et femme\u00a0\u00bb<\/span><\/strong> et ce fut au matin de cette nuit-l\u00e0, \u00e0 l\u2019aube, qu\u2019Allah le Tr\u00e8s Haut s\u2019est saisi de lui (qu\u2019Allah lui fasse mis\u00e9ricorde et l\u2019agr\u00e9e).\u00a0<\/span>\u00bb<\/span><\/p>\n<p style=\"text-align: justify;\"><span class=\"tgras\"><strong>Explication<\/strong>\u00a0: <\/span>Se\u00efdina Ahmed Tidjani (qu\u2019Allah sanctifie son pr\u00e9cieux secret) quitta ce monde terrestre le jeudi 17 Chawal 1230 \u00e0 l&rsquo;\u00e2ge de 80 ans. Lors de la maladie de Se\u00efdina (qu\u2019Allah sanctifie son pr\u00e9cieux secret) qui allait engendrer sa mort, il demanda qu\u2019on lui emm\u00e8ne le <strong><span class=\"tgras\">Daliya<\/span> de Bousa\u00efri<\/strong> mais on ne pouvait trouver ce po\u00e8me \u00e0 F\u00e8s. Se\u00efdina (qu\u2019Allah sanctifie son pr\u00e9cieux secret) a alors ordonn\u00e9 \u00e0 quelques \u00e9lites parmi ses compagnons de se rendre dans la ville de Mekn\u00e8s. Quand ils le trouv\u00e8rent et qu\u2019ils revinrent avec, Se\u00efdina (qu\u2019Allah sanctifie son pr\u00e9cieux secret) ordonna qu\u2019on le lui lise et une fois la lecture achev\u00e9e, il ne parla plus avec personne. Il demanda aussi qu\u2019on lui emm\u00e8ne le po\u00e8me commun\u00e9ment attribu\u00e9 \u00e0 l\u2019imam Ghazzali (qu\u2019Allah l\u2019agr\u00e9e). Lorsqu\u2019il l\u2019eut, il le mit sous son oreiller la veille de sa mort, comme l\u2019avait fait l\u2019imam Ghazzali (qu\u2019Allah l\u2019agr\u00e9e), et voici les premiers passages de ce po\u00e8me\u00a0:<\/p>\n<p style=\"text-align: justify;\"><span class=\"paroles\" style=\"color: #800000;\">\u00ab\u00a0Dis aux fr\u00e8res qui m\u2019ont vu mort<br \/> Qui m\u2019ont pleur\u00e9 et ont r\u00e9cit\u00e9 sur moi l\u2019oraison fun\u00e8bre avec tristesse<br \/> Est-ce que votre tristesse est pour l\u2019absent<br \/> Ou sur celui qui est pr\u00e9sent parmi vous ici\u00a0?<br \/> Croyez-vous donc que je suis votre mort-ci<br \/> Non, Par Dieu\u00a0! Ce mort n\u2019est pas moi<br \/> Car dans sa forme ce corps<br \/> Etait mon habit et ma tunique pour un temps,<br \/> Je suis une perle enferm\u00e9e dans une coquille<br \/> Qui \u00e9tait pour moi une prison \u00e0 laquelle j\u2019\u00e9tais accoutum\u00e9,<br \/> Je suis un oiseau et ceci est ma cage<br \/> Je me suis envol\u00e9 et ceci est rest\u00e9 pour dispara\u00eetre,<br \/> Je remercie Allah celui qui m\u2019a lib\u00e9r\u00e9<br \/> Et m\u2019a construit un emplacement dans les hauteurs,<br \/> J\u2018\u00e9tais avant ce jour un mort parmi vous<br \/> J\u2019ai rev\u00e9cu et j\u2019ai \u00f4t\u00e9 le linceul<br \/> Aujourd\u2019hui je converse avec les nobles assembl\u00e9es<br \/> Et je vois la v\u00e9rit\u00e9 de mes propres yeux<br \/> Je suis install\u00e9 devant la Table Gard\u00e9e<br \/> O\u00f9 je lis et je vois\u00a0!<br \/> Tout ce qui \u00e9tait, tout ce qui sera et tout ce qui est proche\u2026\u00a0\u00bb<\/span><\/p>\n<p style=\"text-align: justify;\">\u00c0 l\u2019instant o\u00f9 Se\u00efdina (qu\u2019Allah sanctifie son pr\u00e9cieux secret) s\u2019est approch\u00e9 du moment de sa mort il disait \u00e0 cause de l\u2019intensit\u00e9 de ce qui descendait sur lui\u00a0comme th\u00e9ophanie Divine : <strong><span class=\"saidina\" style=\"color: #628fdb;\">\u00ab\u00a0Allah\u00a0! Allah\u00a0! La lumi\u00e8re br\u00fble mon c\u0153ur\u00a0; Allah\u00a0! La lumi\u00e8re br\u00fble mon c\u0153ur\u00a0\u00bb<\/span><\/strong>. Et il n\u2019a pas arr\u00eat\u00e9 de le dire tout au long de la nuit. Puis \u00e0 l\u2019approche du Fajr Se\u00efdina (qu\u2019Allah sanctifie son pr\u00e9cieux secret) s\u2019est tourn\u00e9 vers les gens pr\u00e9sents et il leur a dit\u00a0: <span class=\"saidina\"><strong><span style=\"color: #628fdb;\">\u00ab\u00a0Le Proph\u00e8te (que la pri\u00e8re et la paix d\u2019Allah soient sur lui) est pr\u00e9sent avec les quatre Khoulafa, levez-vous et sortez\u00a0\u00bb<\/span><\/strong>.<\/span> Et il n\u2019y a que quelques \u00e9lites qui rest\u00e8rent avec lui. Il n\u2019est pass\u00e9 qu\u2019une heure, il fit son Soubh en r\u00e9citant dans la premi\u00e8re unit\u00e9 Sourate Al Qadr et \u00e0 la seconde unit\u00e9 Sourate Ikhlas, puis il s\u2019allongea sur le c\u00f4t\u00e9 et r\u00e9clama un verre d\u2019eau. Apr\u00e8s l\u2019avoir bu, il se rallongea et son esprit agr\u00e9\u00e9 quitta son corps b\u00e9ni.<\/p>\n<p style=\"text-align: justify;\">Il a ensuite \u00e9t\u00e9 lav\u00e9 chez lui et la pri\u00e8re mortuaire se d\u00e9roula \u00e0 la Qarawwiyyine en pr\u00e9sence d\u2019un nombre impressionnant de savants, d\u2019hommes pieux et de saints, ainsi que d\u2019\u00e9mirs. Le prince des croyants Maoulana Soule\u00efman (qu\u2019Allah l\u2019agr\u00e9e) a voulu y assister, mais il se trouvait \u00e0 Marrakech lorsque l\u2019\u00e9v\u00e9nement se produisit. C\u2019est le Qadi de F\u00e8s, l\u2019illustre Sidi Mohammed ibn Mohammad ibn Ibrahim Doukali el Khayyat, qui fit la pri\u00e8re mortuaire sur le corps b\u00e9ni de Se\u00efdina Ahmed Tidjani (qu\u2019Allah sanctifie son pr\u00e9cieux secret) et ce fut un moment tr\u00e8s intense en \u00e9motion o\u00f9 jaillissait les pleurs, puis il fut enterr\u00e9 dans le jardin qui juxtaposait les murs de la Zaouiya b\u00e9nie \u00e0 l\u2019emplacement d\u2019un figuier, par la suite, au fur et \u00e0 mesure de son agrandissement cette parcelle fut incluse dans les murs de la Zaouiya.<\/p>\n<p style=\"text-align: justify;\"><strong>Recherche et traduction par la Zaouiya Tidjaniya El Koubra d\u2019Europe<\/strong><\/p>\n<\/p><\/div>\n","protected":false},"excerpt":{"rendered":"<p>-42- Se\u00efdina Ahmed Tidjani (qu\u2019Allah sanctifie son pr\u00e9cieux secret) a dit\u00a0: \u00ab En ce qui me concerne je n\u2019ai plus aucun doute \u00e0 ce sujet, car je l\u2019ai entendu directement du Proph\u00e8te (que la pri\u00e8re et la paix d\u2019Allah soient sur lui) et pas qu\u2019une seule fois, et il m\u2019a dit \u00ab\u00a0Tu es v\u00e9ritablement mon [&hellip;]<\/p>\n","protected":false},"author":2,"featured_media":0,"comment_status":"open","ping_status":"open","sticky":false,"template":"","format":"standard","meta":{"_uag_custom_page_level_css":"","footnotes":""},"categories":[22],"tags":[],"class_list":["post-262","post","type-post","status-publish","format-standard","hentry","category-autres-enseignements"],"blocksy_meta":[],"featured_image_urls_v2":{"full":"","thumbnail":"","medium":"","medium_large":"","large":"","1536x1536":"","2048x2048":""},"post_excerpt_stackable_v2":"<p>-42- Se\u00efdina Ahmed Tidjani (qu\u2019Allah sanctifie son pr\u00e9cieux secret) a dit\u00a0: \u00ab En ce qui me concerne je n\u2019ai plus aucun doute \u00e0 ce sujet, car je l\u2019ai entendu directement du Proph\u00e8te (que la pri\u00e8re et la paix d\u2019Allah soient sur lui) et pas qu\u2019une seule fois, et il m\u2019a dit \u00ab\u00a0Tu es v\u00e9ritablement mon fils\u00a0\u00bb. Quant \u00e0 lui, par Allah, il n\u2019a aucun lien de parent\u00e9 avec le proph\u00e8te (que la pri\u00e8re et la paix d\u2019Allah soient sur lui). \u00bb La cause\u00a0: Sidi Ta\u00efeb Sefiani (qu\u2019Allah l\u2019agr\u00e9e)\u00a0a dit : \u00ab Il l\u2019a dit au sujet du repr\u00e9sentant des Nobles\u2026<\/p>\n","category_list_v2":"<a href=\"https:\/\/tidjaniya.com\/fr\/category\/tariqa-tidjaniya\/enseignements-tidjaniya\/autres-enseignements\/\" rel=\"category tag\">Divers enseignements sur l'Islam, la foi, la spiritualit\u00e9, la Tariqa...<\/a>","author_info_v2":{"name":"Samia Ajdid","url":"https:\/\/tidjaniya.com\/fr\/author\/samia-ajdid\/"},"comments_num_v2":"0 commentaire","uagb_featured_image_src":{"full":false,"thumbnail":false,"medium":false,"medium_large":false,"large":false,"1536x1536":false,"2048x2048":false},"uagb_author_info":{"display_name":"Samia Ajdid","author_link":"https:\/\/tidjaniya.com\/fr\/author\/samia-ajdid\/"},"uagb_comment_info":0,"uagb_excerpt":"-42- Se\u00efdina Ahmed Tidjani (qu\u2019Allah sanctifie son pr\u00e9cieux secret) a dit\u00a0: \u00ab En ce qui me concerne je n\u2019ai plus aucun doute \u00e0 ce sujet, car je l\u2019ai entendu directement du Proph\u00e8te (que la pri\u00e8re et la paix d\u2019Allah soient sur lui) et pas qu\u2019une seule fois, et il m\u2019a dit \u00ab\u00a0Tu es v\u00e9ritablement mon\u2026","_links":{"self":[{"href":"https:\/\/tidjaniya.com\/fr\/wp-json\/wp\/v2\/posts\/262","targetHints":{"allow":["GET"]}}],"collection":[{"href":"https:\/\/tidjaniya.com\/fr\/wp-json\/wp\/v2\/posts"}],"about":[{"href":"https:\/\/tidjaniya.com\/fr\/wp-json\/wp\/v2\/types\/post"}],"author":[{"embeddable":true,"href":"https:\/\/tidjaniya.com\/fr\/wp-json\/wp\/v2\/users\/2"}],"replies":[{"embeddable":true,"href":"https:\/\/tidjaniya.com\/fr\/wp-json\/wp\/v2\/comments?post=262"}],"version-history":[{"count":0,"href":"https:\/\/tidjaniya.com\/fr\/wp-json\/wp\/v2\/posts\/262\/revisions"}],"wp:attachment":[{"href":"https:\/\/tidjaniya.com\/fr\/wp-json\/wp\/v2\/media?parent=262"}],"wp:term":[{"taxonomy":"category","embeddable":true,"href":"https:\/\/tidjaniya.com\/fr\/wp-json\/wp\/v2\/categories?post=262"},{"taxonomy":"post_tag","embeddable":true,"href":"https:\/\/tidjaniya.com\/fr\/wp-json\/wp\/v2\/tags?post=262"}],"curies":[{"name":"wp","href":"https:\/\/api.w.org\/{rel}","templated":true}]}}