{"id":427,"date":"2018-07-25T08:57:49","date_gmt":"2018-07-25T06:57:49","guid":{"rendered":"https:\/\/tidjaniya.com\/fr\/?p=427"},"modified":"2018-07-25T08:57:49","modified_gmt":"2018-07-25T06:57:49","slug":"la-salat-fatihi","status":"publish","type":"post","link":"https:\/\/tidjaniya.com\/fr\/la-salat-fatihi\/","title":{"rendered":"La Salat Fatihi"},"content":{"rendered":"<div class=\"content-text\">\n<p style=\"text-align: justify;\">Cette pri\u00e8re particuli\u00e8re fait partie de ce que le Proph\u00e8te (que la pri\u00e8re et la paix d\u2019Allah soient sur lui) a ordonn\u00e9 \u00e0 Se\u00efdina Ahmed Tijani (qu\u2019Allah sanctifie son pr\u00e9cieux secret) et cela \u00e0 l&rsquo;\u00e9tat d&rsquo;\u00e9veil, en pleine journ\u00e9e, de r\u00e9citer et de transmettre (cf. \u00ab\u00a0La vision du Proph\u00e8te (que la pri\u00e8re et la paix d\u2019Allah soient sur lui) \u00e0 l&rsquo;\u00e9tat de veille\u00a0\u00bb.<\/p>\n<p style=\"text-align: justify;\">Un P\u00f4le, nomm\u00e9 Sidi Mohamed El Bakriy (qu\u2019Allah l\u2019agr\u00e9e), l&rsquo;avait d\u00e9j\u00e0 connu. Il avait fait une retraite de plusieurs ann\u00e9es \u00e0 la Mecque dans l&rsquo;intention qu&rsquo;Allah lui enseigne la formule de pri\u00e8re sur le Proph\u00e8te (que la pri\u00e8re et la paix d\u2019Allah soient sur lui) qui rassemble toutes les autres pri\u00e8res et leurs secrets. Et certes, elle lui fut r\u00e9v\u00e9l\u00e9e. Un ange descendit \u00e0 lui avec un \u00e9criteau de lumi\u00e8re o\u00f9 \u00e9tait inscrite <span class=\"tgras\">Salat Fatihi<\/span>. Cela lui \u00e9tait personnel, car cette pri\u00e8re fut r\u00e9serv\u00e9e pour l&rsquo;\u00e9poque du P\u00f4le Cach\u00e9 et ses disciples. Il faut savoir que pour pouvoir profiter des gr\u00e2ces particuli\u00e8res de Sal\u00e2t Fatihi, il faut remplir deux conditions\u00a0:<\/p>\n<p style=\"text-align: justify;\"><span class=\"tgras\">&#8211; <\/span>La premi\u00e8re est que l&rsquo;autorisation soit donn\u00e9e par ceux qui en ont l&rsquo;autorit\u00e9.<\/p>\n<p style=\"text-align: justify;\"><span class=\"tgras\">&#8211; <\/span>La seconde est que la personne en question ait la certitude que <strong><span class=\"tgras\">Salat Fatihi<\/span><\/strong> provient de l&rsquo;invisible et non pas d&rsquo;une composition humaine.<\/p>\n<p style=\"text-align: justify;\">En effet, il est rapport\u00e9 dans le livre <strong><span class=\"tgras\">Jama\u2019<\/span> <\/strong>de Sidi Mohamed ibn Mechri (qu\u2019Allah l\u2019agr\u00e9e), que Se\u00efdina Ahmed Tijani (qu\u2019Allah sanctifie son pr\u00e9cieux secret) a dit\u00a0:<\/p>\n<p style=\"text-align: justify;\"><span class=\"saidina\">\u00ab<strong><span style=\"color: #628fdb;\">\u00a0La gr\u00e2ce de la Perle unique (autre d\u00e9nomination de Salat Fatihi) ne peut \u00eatre acquise que selon deux conditions\u00a0:<\/span><\/strong><\/span><\/p>\n<p style=\"text-align: justify;\"><strong><span class=\"saidina\" style=\"color: #628fdb;\">&#8211; La premi\u00e8re est de recevoir l&rsquo;autorisation (IDHNOU)<\/span><\/strong><\/p>\n<p style=\"text-align: justify;\"><span class=\"saidina\"><strong><span style=\"color: #628fdb;\">&#8211; La seconde est la croyance ferme, pour l&rsquo;\u00e9vocateur de cette pri\u00e8re, qu&rsquo;elle fait partie de la parole d&rsquo;Allah comme le sont les hadiths Qouddoussi et qu&rsquo;elle ne provient pas de la composition d&rsquo;un \u00eatre humain.\u00a0<\/span><\/strong>\u00bb<\/span> (Voir rubrique FAQ, question N\u00b015)<\/p>\n<p style=\"text-align: justify;\">Se\u00efdina Ahmed Tijani (qu\u2019Allah sanctifie son pr\u00e9cieux secret) ajouta\u00a0: <span class=\"saidina\">\u00ab<strong><span style=\"color: #628fdb;\">\u00a0Personne en ce monde ne peut autoriser pour Salat Fatihi \u00e0 part nous et nos compagnons qui sont dans la Tariqa.<\/span><\/strong>\u00a0\u00bb<\/span><\/p>\n<p style=\"text-align: justify;\"><strong>Zaouiya Tidjaniya El Koubra d\u2019Europe<\/strong><\/p>\n<\/p><\/div>\n","protected":false},"excerpt":{"rendered":"<p>Cette pri\u00e8re particuli\u00e8re fait partie de ce que le Proph\u00e8te (que la pri\u00e8re et la paix d\u2019Allah soient sur lui) a ordonn\u00e9 \u00e0 Se\u00efdina Ahmed Tijani (qu\u2019Allah sanctifie son pr\u00e9cieux secret) et cela \u00e0 l&rsquo;\u00e9tat d&rsquo;\u00e9veil, en pleine journ\u00e9e, de r\u00e9citer et de transmettre (cf. \u00ab\u00a0La vision du Proph\u00e8te (que la pri\u00e8re et la paix [&hellip;]<\/p>\n","protected":false},"author":2,"featured_media":0,"comment_status":"open","ping_status":"open","sticky":false,"template":"","format":"standard","meta":{"_uag_custom_page_level_css":"","footnotes":""},"categories":[47],"tags":[],"class_list":["post-427","post","type-post","status-publish","format-standard","hentry","category-lazim"],"blocksy_meta":[],"featured_image_urls_v2":{"full":"","thumbnail":"","medium":"","medium_large":"","large":"","1536x1536":"","2048x2048":""},"post_excerpt_stackable_v2":"<p>Cette pri\u00e8re particuli\u00e8re fait partie de ce que le Proph\u00e8te (que la pri\u00e8re et la paix d\u2019Allah soient sur lui) a ordonn\u00e9 \u00e0 Se\u00efdina Ahmed Tijani (qu\u2019Allah sanctifie son pr\u00e9cieux secret) et cela \u00e0 l&rsquo;\u00e9tat d&rsquo;\u00e9veil, en pleine journ\u00e9e, de r\u00e9citer et de transmettre (cf. \u00ab\u00a0La vision du Proph\u00e8te (que la pri\u00e8re et la paix d\u2019Allah soient sur lui) \u00e0 l&rsquo;\u00e9tat de veille\u00a0\u00bb. Un P\u00f4le, nomm\u00e9 Sidi Mohamed El Bakriy (qu\u2019Allah l\u2019agr\u00e9e), l&rsquo;avait d\u00e9j\u00e0 connu. Il avait fait une retraite de plusieurs ann\u00e9es \u00e0 la Mecque dans l&rsquo;intention qu&rsquo;Allah lui enseigne la formule de pri\u00e8re sur le Proph\u00e8te (que la\u2026<\/p>\n","category_list_v2":"<a href=\"https:\/\/tidjaniya.com\/fr\/category\/tariqa-tidjaniya\/fiqh-tidjaniya\/lazim\/\" rel=\"category tag\">Lazim<\/a>","author_info_v2":{"name":"Samia Ajdid","url":"https:\/\/tidjaniya.com\/fr\/author\/samia-ajdid\/"},"comments_num_v2":"0 commentaire","uagb_featured_image_src":{"full":false,"thumbnail":false,"medium":false,"medium_large":false,"large":false,"1536x1536":false,"2048x2048":false},"uagb_author_info":{"display_name":"Samia Ajdid","author_link":"https:\/\/tidjaniya.com\/fr\/author\/samia-ajdid\/"},"uagb_comment_info":0,"uagb_excerpt":"Cette pri\u00e8re particuli\u00e8re fait partie de ce que le Proph\u00e8te (que la pri\u00e8re et la paix d\u2019Allah soient sur lui) a ordonn\u00e9 \u00e0 Se\u00efdina Ahmed Tijani (qu\u2019Allah sanctifie son pr\u00e9cieux secret) et cela \u00e0 l&rsquo;\u00e9tat d&rsquo;\u00e9veil, en pleine journ\u00e9e, de r\u00e9citer et de transmettre (cf. \u00ab\u00a0La vision du Proph\u00e8te (que la pri\u00e8re et la paix\u2026","_links":{"self":[{"href":"https:\/\/tidjaniya.com\/fr\/wp-json\/wp\/v2\/posts\/427","targetHints":{"allow":["GET"]}}],"collection":[{"href":"https:\/\/tidjaniya.com\/fr\/wp-json\/wp\/v2\/posts"}],"about":[{"href":"https:\/\/tidjaniya.com\/fr\/wp-json\/wp\/v2\/types\/post"}],"author":[{"embeddable":true,"href":"https:\/\/tidjaniya.com\/fr\/wp-json\/wp\/v2\/users\/2"}],"replies":[{"embeddable":true,"href":"https:\/\/tidjaniya.com\/fr\/wp-json\/wp\/v2\/comments?post=427"}],"version-history":[{"count":0,"href":"https:\/\/tidjaniya.com\/fr\/wp-json\/wp\/v2\/posts\/427\/revisions"}],"wp:attachment":[{"href":"https:\/\/tidjaniya.com\/fr\/wp-json\/wp\/v2\/media?parent=427"}],"wp:term":[{"taxonomy":"category","embeddable":true,"href":"https:\/\/tidjaniya.com\/fr\/wp-json\/wp\/v2\/categories?post=427"},{"taxonomy":"post_tag","embeddable":true,"href":"https:\/\/tidjaniya.com\/fr\/wp-json\/wp\/v2\/tags?post=427"}],"curies":[{"name":"wp","href":"https:\/\/api.w.org\/{rel}","templated":true}]}}