{"id":460,"date":"2018-07-30T13:26:09","date_gmt":"2018-07-30T11:26:09","guid":{"rendered":"https:\/\/tidjaniya.com\/fr\/?p=460"},"modified":"2021-04-26T14:26:15","modified_gmt":"2021-04-26T12:26:15","slug":"ville-de-fes-au-maroc","status":"publish","type":"post","link":"https:\/\/tidjaniya.com\/fr\/ville-de-fes-au-maroc\/","title":{"rendered":"Ville de F\u00e8s, au Maroc"},"content":{"rendered":"<h3 style=\"text-align: justify;\"><strong><span style=\"color: #800000;\">Aper\u00e7u historique<\/span><\/strong><\/h3>\n<figure class=\"pull-left\"><img loading=\"lazy\" decoding=\"async\" class=\" alignleft size-full wp-image-453\" src=\"https:\/\/tidjaniya.com\/fr\/wp-content\/uploads\/2018\/07\/7.jpg\" alt=\"\" width=\"700\" height=\"525\" align=\"left\" srcset=\"https:\/\/tidjaniya.com\/fr\/wp-content\/uploads\/2018\/07\/7.jpg 700w, https:\/\/tidjaniya.com\/fr\/wp-content\/uploads\/2018\/07\/7-300x225.jpg 300w\" sizes=\"auto, (max-width: 700px) 100vw, 700px\" \/><figcaption style=\"font-weight: bold; margin-bottom: 10px;\">Toit de la Zawiya de F\u00e8s<\/figcaption><\/figure>\n<p style=\"text-align: justify;\">La cit\u00e9 de F\u00e8s f\u00fbt b\u00e2tie aux environs de 789 ap J.C par un saint, descendant du Proph\u00e8te (que la pri\u00e8re et la paix soit sur lui), Sidi Moulay Idriss Ier (qu\u2019ALLAH l\u2019agr\u00e9e). Vers l\u2019an 809 la ville devient le si\u00e8ge de la dynastie par son fils tout aussi pieux appel\u00e9 Sidi Moulay Idriss II\u00e8me (qu\u2019ALLAH l\u2019agr\u00e9e) o\u00f9 d\u2019ailleurs se trouve son mausol\u00e9e. En 818 on voit se former deux quartiers distincts dans la noble ville en raison de l\u2019arriv\u00e9 massive d\u2019une part de 8000 familles r\u00e9fugi\u00e9es venant de Cordoue (Espagne) et d\u2019autre part de 2000 familles provenant de Kairouan (Tunisie actuelle).<\/p>\n<p style=\"text-align: justify;\">Cette ville imp\u00e9riale s\u2019agrandira et s\u2019enrichira au cours des si\u00e8cles et des \u00e9v\u00e8nements, pour \u00eatre dot\u00e9e en 859 d\u2019un des principaux centres spirituels et intellectuels de l\u2019islam, la mosqu\u00e9e Qarawiyyine. Elle se nomme ainsi, car situ\u00e9e dans le quartier Kairouanais, elle fut fond\u00e9e par la g\u00e9n\u00e9rosit\u00e9 d\u2019une femme pieuse Fatima, fille de l\u2019\u00e9migr\u00e9 Mohammed El Fihri le Tunisien. Elle pla\u00e7a toute sa fortune dans la construction de cette majestueuse mosqu\u00e9e aux 14 portes dont la salle de pri\u00e8re peut accueillir 20.000 personnes. De plus, elle contient la plus vieille universit\u00e9 au monde qui voit passer en son sein les plus grandes sommit\u00e9s dans tous les domaines de la science. Au 14\u00e8me si\u00e8cle, elle \u00e9tait fr\u00e9quent\u00e9e par pr\u00e8s de 8000 \u00e9tudiants.<\/p>\n<p style=\"text-align: justify;\">F\u00e8s, au cours de son histoire et de la succession des dynasties r\u00e9gnantes, perdit son privil\u00e8ge de capitale du royaume en faveur de Marrakech puis de Mekn\u00e8s, mais elle le retrouva avec le r\u00e8gne du Sultan \u2018Alaouite Moulay Abdallah (1729-1759) et elle le restera jusqu\u2019en 1912, date \u00e0 laquelle la capitale fut d\u00e9plac\u00e9e \u00e0 Rabat, mais elle reste n\u00e9anmoins la capitale spirituelle du Pays.<\/p>\n<p>  <!--more--><\/p>\n<p style=\"text-align: justify;\">\n<h3 style=\"text-align: justify;\"><strong><span style=\"color: #800000;\">Se\u00efdina Ahmed Tidjani (qu\u2019ALLAH l\u2019agr\u00e9e) et son destin \u00e0 F\u00e8s<\/span><\/strong><\/h3>\n<figure class=\"pull-right\"><img loading=\"lazy\" decoding=\"async\" class=\" alignright size-full wp-image-454\" src=\"https:\/\/tidjaniya.com\/fr\/wp-content\/uploads\/2018\/07\/1.jpg\" alt=\"\" width=\"700\" height=\"525\" align=\"right\" srcset=\"https:\/\/tidjaniya.com\/fr\/wp-content\/uploads\/2018\/07\/1.jpg 700w, https:\/\/tidjaniya.com\/fr\/wp-content\/uploads\/2018\/07\/1-300x225.jpg 300w\" sizes=\"auto, (max-width: 700px) 100vw, 700px\" \/><figcaption style=\"font-weight: bold; margin-bottom: 10px; margin-left: 35px;\">A l&rsquo;int\u00e9rieur de la Zawiya de F\u00e8s<\/figcaption><\/figure>\n<p style=\"text-align: justify;\">La premi\u00e8re fois que Se\u00efdina Ahmed Tidjani (qu\u2019ALLAH l\u2019agr\u00e9e) se rendit \u00e0 F\u00e8s il n\u2019avait que 21 ans et il partit dans l\u2019intention d\u2019\u00e9tudier dans l\u2019illustre universit\u00e9 du monde musulman Qarawiyyine, puis il repartit \u00e0 \u2018A\u00efn Madhi ayant obtenu tous les dipl\u00f4mes. La seconde fois qu\u2019il repartit s\u2019installer dans la c\u00e9l\u00e8bre ville, hormis les visites furtives, il \u00e9tait \u00e2g\u00e9 alors de&nbsp;63 ans. Il s\u2019exila de Boussemghoune le 17 Rabi\u2019 El Awwal de l\u2019ann\u00e9e 1213 (1797\/98) avec toute sa famille et arriva \u00e0 F\u00e8s le 6 Rabi\u2019 Thani de la m\u00eame ann\u00e9e, emportant avec lui le pr\u00e9cieux h\u00e9ritage du Proph\u00e8te (que la pri\u00e8re et la paix soit sur lui) : <strong>la Tariqa Ahmediyya, Mohamediyya, Ibrahimiyya Hanifiyya<\/strong>.<\/p>\n<p style=\"text-align: justify;\">Cet homme simple \u00e0 l\u2019aspect marqu\u00e9 par la rudesse du d\u00e9sert intrigua les habitants de F\u00e8s et leurs savants \u00e0 l\u2019allure d\u00e9licate et \u00e9l\u00e9gante. Tr\u00e8s vite l\u2019image laissa place au contenu et les savants de F\u00e8s ne purent que s\u2019incliner devant l\u2019\u00e9tendue de son savoir particulier et la perspicacit\u00e9 de sa r\u00e9flexion. Le Sultan lui-m\u00eame, grand gardien de l\u2019orthodoxie de la religion, Maoulana Soule\u00efman (qu\u2019ALLAH l\u2019agr\u00e9e), s\u2019int\u00e9ressa \u00e0 Se\u00efdina Ahmed Tidjani (qu\u2019ALLAH l\u2019agr\u00e9e) et \u00e0 ce bruit qui courait disant qu\u2019il \u00e9tait le d\u00e9positaire direct du Proph\u00e8te (que la pri\u00e8re et la paix soit sur lui) et son \u00e9l\u00e8ve et qu\u2019il le voyait \u00e0 l\u2019\u00e9tat de veille. Il le mettra \u00e0 l\u2019\u00e9preuve plusieurs fois et constata la v\u00e9rit\u00e9 de ses affirmations au point de s\u2019affilier \u00e0 la Tariqa par ses nobles mains. Maoulana Sultan Soule\u00efman (qu\u2019ALLAH l\u2019agr\u00e9e) lui fit don d\u2019une belle demeure faisant partie de ses biens personnels appel\u00e9e Dar Miraya (La demeure des miroirs). Se\u00efdina Ahmed Tidjani (qu\u2019ALLAH l\u2019agr\u00e9e) ne l\u2019accepta qu\u2019apr\u00e8s avoir eu la preuve que cette demeure ne faisait pas partie du patrimoine commun de la couronne et il donna chaque mois aux pauvres, tout au long de son s\u00e9jour jusqu\u2019\u00e0 sa mort, l\u2019\u00e9quivalent en pain du loyer, comme le lui avait ordonn\u00e9 le Proph\u00e8te (que la pri\u00e8re et la paix soit sur lui).<\/p>\n<figure class=\"pull-left\"><img loading=\"lazy\" decoding=\"async\" class=\" alignleft size-full wp-image-455\" src=\"https:\/\/tidjaniya.com\/fr\/wp-content\/uploads\/2018\/07\/2.jpg\" alt=\"\" width=\"700\" height=\"525\" align=\"left\" srcset=\"https:\/\/tidjaniya.com\/fr\/wp-content\/uploads\/2018\/07\/2.jpg 700w, https:\/\/tidjaniya.com\/fr\/wp-content\/uploads\/2018\/07\/2-300x225.jpg 300w\" sizes=\"auto, (max-width: 700px) 100vw, 700px\" \/><figcaption style=\"font-weight: bold; margin-bottom: 10px;\">A l&rsquo;int\u00e9rieur de la Zawiya de F\u00e8s<\/figcaption><\/figure>\n<p style=\"text-align: justify;\">Se\u00efdina Ahmed Tidjani (qu\u2019ALLAH l\u2019agr\u00e9e), avant la construction de la Zaouiya, allait prier souvent \u00e0 la mosqu\u00e9e Diwan. C\u2019est l\u00e0-bas qu\u2019il autorisa et certifia le livre <strong>Djawahirou-l-Ma\u2019ani<\/strong> que Sidi \u2018Ali Harazim (qu\u2019ALLAH l\u2019agr\u00e9e) venait de finir de r\u00e9diger \u00e0 partir des notes recueillies. Il d\u00e9buta la r\u00e9daction, conform\u00e9ment \u00e0 l\u2019ordre re\u00e7u, environ deux mois apr\u00e8s l\u2019arriv\u00e9e de Se\u00efdina (qu\u2019ALLAH l\u2019agr\u00e9e) \u00e0 F\u00e8s l\u2019ann\u00e9e 1213 et le termina le mois de Dhoul Qa\u2019da l\u2019ann\u00e9e 1214 de l\u2019H\u00e9gire. Parmi les habitudes de Se\u00efdina Ahmed Tidjani (qu\u2019ALLAH l\u2019agr\u00e9e) il y avait que lorsqu\u2019il re\u00e7ut du Proph\u00e8te (que la pri\u00e8re et la paix soit sur lui) la garantie que tous ceux qui verraient son visage le lundi et le vendredi seraient pardonn\u00e9s, Se\u00efdina (qu\u2019ALLAH l\u2019agr\u00e9e) sortait sp\u00e9cialement ces deux jours-ci pour s\u2019arr\u00eater sur le c\u00f4t\u00e9 de la route, l\u00e0 o\u00f9 il y avait le plus de gens qui passaient et de m\u00eame il faisait ses pri\u00e8res dans la mosqu\u00e9e o\u00f9 il y avait le plus de monde afin de faire profiter de cette garantie le plus de personnes possible.<\/p>\n<p style=\"text-align: justify;\">C\u2019est dans cette ville b\u00e9nie que Se\u00efdina (qu\u2019ALLAH l\u2019agr\u00e9e) \u00e9tait destin\u00e9 \u00e0 \u00eatre gratifi\u00e9 de l\u2019ultime station de Sceau de la Saintet\u00e9 Mohamedienne comme Ibn \u2018Arabi (qu\u2019ALLAH l\u2019agr\u00e9e) avait rencontr\u00e9 son esprit, il y a six cents ans plus t\u00f4t dans ce m\u00eame lieu. Ce fut \u00e0 l\u2019\u00e2ge de 63 ans en l\u2019an 1214 (1799 apr. J.-C.) qu\u2019il a atteint ce rang unique qui lui a \u00e9t\u00e9 tant pr\u00e9dit et tant annonc\u00e9 depuis son enfance et qui lui fut octroy\u00e9 par l\u2019interm\u00e9diaire du sceau des proph\u00e8tes, Se\u00efdina Mohammed (que la pri\u00e8re et la paix soit sur lui).<\/p>\n<p style=\"text-align: justify;\">\n<h3 style=\"text-align: justify;\"><strong><span style=\"color: #800000;\">La Zaouiya Tidjaniya El Koubra de F\u00e8s<\/span><\/strong><\/h3>\n<figure class=\"pull-right\"><img loading=\"lazy\" decoding=\"async\" class=\" alignright size-full wp-image-456\" src=\"https:\/\/tidjaniya.com\/fr\/wp-content\/uploads\/2018\/07\/3.jpg\" alt=\"\" width=\"700\" height=\"525\" align=\"right\" srcset=\"https:\/\/tidjaniya.com\/fr\/wp-content\/uploads\/2018\/07\/3.jpg 700w, https:\/\/tidjaniya.com\/fr\/wp-content\/uploads\/2018\/07\/3-300x225.jpg 300w\" sizes=\"auto, (max-width: 700px) 100vw, 700px\" \/><figcaption style=\"font-weight: bold; margin-bottom: 10px; margin-left: 35px;\">A l&rsquo;int\u00e9rieur de la Zawiya de F\u00e8s<\/figcaption><\/figure>\n<p style=\"text-align: justify;\">Sache qu\u2019avant que ne soit construit la Zaouiya b\u00e9nie, Se\u00efdina Ahmed Tidjani (qu\u2019ALLAH l\u2019agr\u00e9e) et ses compagnons se r\u00e9unissaient dans le couloir devant la porte de sa maison pour accomplir le Wadhifa en groupe et parfois dans certaines mosqu\u00e9es. Puis le Proph\u00e8te (que la pri\u00e8re et la paix soit sur lui) ordonna \u00e0 Se\u00efdina Ahmed Tidjani (qu\u2019ALLAH l\u2019agr\u00e9e) de construire la Zaouiya b\u00e9nie et pour cela il devait choisir le meilleur emplacement, le plus pur. Se\u00efdina Ahmed Tidjani (qu\u2019ALLAH l\u2019agr\u00e9e) a donc choisi l\u2019endroit o\u00f9 la Zaouiya est actuellement construite. Autrefois le quartier s\u2019appelait Dardas et il est connu aujourd\u2019hui sous l\u2019appellation de quartier Blida. Il a achet\u00e9 ce lieu avec son argent pur et licite. Il s\u2019agissait d\u2019une ruine o\u00f9 il y avait un grand figuier et c\u2019est \u00e0 cet endroit justement qu\u2019est enterr\u00e9 Se\u00efdina Ahmed Tidjani (qu\u2019ALLAH l\u2019agr\u00e9e).<\/p>\n<p style=\"text-align: justify;\">Cette ruine \u00e9tait si effrayante que personne ne pouvait rentrer seul \u00e0 l\u2019int\u00e9rieur. Il a \u00e9t\u00e9 rapport\u00e9, selon une source fiable, qu\u2019on entendait \u00e0 certains moments des voix comme si un groupe \u00e9tait en train de faire du Dhikr et c\u2019\u00e9tait le lieu de visite des Majadhib (Les attir\u00e9s par Dieu). Avant sa construction, le c\u00e9l\u00e8bre majdhoub Sidi Lahbi (qu\u2019ALLAH l\u2019agr\u00e9e) mettait son oreille sur la porte et disait aux passants&nbsp;: <i>\u00ab&nbsp;Venez vers cet endroit pour \u00e9couter le Dhikr&nbsp;\u00bb<\/i>. Lorsque la Zaouiya fut construite ce majdhoub (qu\u2019ALLAH l\u2019agr\u00e9e) a dit&nbsp;: <i>\u00ab&nbsp;F\u00e8s s\u2019est renforc\u00e9 et surtout Dardas&nbsp;<\/i>\u00bb. Ensuite Se\u00efdina Ahmed Tidjani (qu\u2019ALLAH l\u2019agr\u00e9e) acheta ce qu\u2019il y avait aux alentours et parmi ses acquisitions il y avait une maison qui appartenait \u00e0 une femme. Se\u00efdina Ahmed Tidjani (qu\u2019ALLAH l\u2019agr\u00e9e) l\u2019a d\u00e9dommag\u00e9 de mani\u00e8re plus que satisfaisante au moment o\u00f9 celle-ci fut sollicit\u00e9e par des gens jaloux de Se\u00efdina (qu\u2019ALLAH l\u2019agr\u00e9e) afin qu\u2019elle ne lui c\u00e8de rien. Le Proph\u00e8te (que la pri\u00e8re et la paix soit sur lui) ordonna qu\u2019elle soit largement d\u00e9dommag\u00e9e et il dit \u00e0 Se\u00efdina Ahmed Tidjani (qu\u2019ALLAH l\u2019agr\u00e9e) : \u00ab&nbsp;Je veux que personne ne puisse s\u2019approprier cet endroit&nbsp;\u00bb.<\/p>\n<p style=\"text-align: justify;\">Lorsque Se\u00efdina (qu\u2019ALLAH l\u2019agr\u00e9e) a voulu commencer la construction, certains gens de F\u00e8s se sont r\u00e9unis pour l\u2019en emp\u00eacher et ils port\u00e8rent cette affaire jusqu\u2019\u00e0 l\u2019\u00e9mir des croyants, Maoulana Soule\u00efman, qu\u2019Allah sanctifie son esprit. Celui-ci fut t\u00e9moin des prodiges de Se\u00efdina (qu\u2019ALLAH l\u2019agr\u00e9e) et en raison de cela, non seulement il ordonna que se fasse la construction, mais en plus il envoya deux bourses d\u2019argent et tout le n\u00e9cessaire \u00e0 cette entreprise. Se\u00efdina (qu\u2019ALLAH l\u2019agr\u00e9e) refusa ce don et le renvoya au sultan lui faisant comprendre qu\u2019il n\u2019en avait pas besoin, et il lui affirma&nbsp;: \u00ab&nbsp;L\u2019affaire de la Zaouiya est g\u00e9r\u00e9e directement par Allah&nbsp;\u00bb. Malgr\u00e9 cela le noble Sultan insista pour qu\u2019il garde les bourses d\u2019argent et Se\u00efdina Ahmed Tidjani (qu\u2019ALLAH l\u2019agr\u00e9e) les prit donc, mais il refusa de les utiliser pour les d\u00e9penses de la Zaouiya alors il distribua tout l\u2019argent aux pauvres et aux n\u00e9cessiteux.<\/p>\n<p style=\"text-align: justify;\">La construction de la Zaouiya d\u00e9buta en 1215 de l\u2019h\u00e9gire (1800 apr. J.-C.). Au commencement des travaux Se\u00efdina (qu\u2019ALLAH l\u2019agr\u00e9e) fut inform\u00e9 que quelques ouvriers qui participaient \u00e0 la construction et qui avaient une certaine haine envers lui, faisaient du gaspillage dans les mati\u00e8res en exc\u00e9dant sur la quantit\u00e9 \u00e0 utiliser. Cela \u00e9tait dans le but d\u2019engendrer plus de d\u00e9penses et ainsi de saboter l\u2019ach\u00e8vement de la construction. Se\u00efdina (qu\u2019ALLAH l\u2019agr\u00e9e) ne faisait pas attention \u00e0 leurs agissements comme s\u2019il n\u2019avait rien vu. Quand certains compagnons, qui avaient aussi remarqu\u00e9 ce fait, interrog\u00e8rent Se\u00efdina (qu\u2019ALLAH l\u2019agr\u00e9e) au sujet de cette situation il r\u00e9pondait&nbsp;: \u00ab&nbsp;Laissez-les \u0153uvrer ainsi parce qu\u2019en croyant nous tromper en v\u00e9rit\u00e9 ils nous rendent service, et la Zaouiya est g\u00e9r\u00e9e par Allah&nbsp;\u00bb. Chaque fois que ces personnes-l\u00e0 augmentaient dans leurs agissements, on trouvait Se\u00efdina (qu\u2019ALLAH l\u2019agr\u00e9e) qui augmentait dans sa joie et qui d\u00e9pensait encore plus. Ensuite Se\u00efdina (qu\u2019ALLAH l\u2019agr\u00e9e) mourut et la Zaouiya, dans laquelle il ne restait que peu de travaux, fut alors termin\u00e9e par les disciples en tr\u00e8s peu de temps.<\/p>\n<p style=\"text-align: justify;\">Il a \u00e9t\u00e9 rapport\u00e9 qu\u2019une fois alors que Se\u00efdina (qu\u2019ALLAH l\u2019agr\u00e9e) se trouvait assis dans la Zaouiya b\u00e9nie avec quelques compagnons, il se leva et ils se lev\u00e8rent avec lui ensuite Se\u00efdina (qu\u2019ALLAH l\u2019agr\u00e9e) sortit par la porte de la Zaouiya et il regarda \u00e0 gauche et \u00e0 droite puis il sourit et rentra \u00e0 l\u2019int\u00e9rieur de la Zaouiya. Ses compagnons l\u2019interrog\u00e8rent sur les raisons de son sourire \u00e0 quoi Se\u00efdina Ahmed Tidjani (qu\u2019ALLAH l\u2019agr\u00e9e) r\u00e9pondit&nbsp;: \u00ab&nbsp;Je regardais la grandeur de la Zaouiya et son \u00e9tendue \u00e0 gauche et \u00e0 droite et elle s\u2019\u00e9tendra \u00e0 droite jusqu\u2019\u00e0 la rue Djiniyara et sur la gauche jusqu\u2019\u00e0 la mosqu\u00e9e Larandja et elle aura 8 portes&nbsp;\u00bb. Depuis cette pr\u00e9diction, la Zaouiya a d\u00fb \u00eatre agrandie plus de quatre fois en raison du nombre toujours croissant de ceux qui s\u2019affili\u00e8rent \u00e0 la Tariqa et elle a atteint sur la droite la rue mentionn\u00e9e, poss\u00e9dant d\u00e9j\u00e0 trois portes.<\/p>\n<figure class=\"pull-left\"><img loading=\"lazy\" decoding=\"async\" class=\" alignleft size-full wp-image-457\" src=\"https:\/\/tidjaniya.com\/fr\/wp-content\/uploads\/2018\/07\/4.jpg\" alt=\"\" width=\"700\" height=\"525\" align=\"left\" srcset=\"https:\/\/tidjaniya.com\/fr\/wp-content\/uploads\/2018\/07\/4.jpg 700w, https:\/\/tidjaniya.com\/fr\/wp-content\/uploads\/2018\/07\/4-300x225.jpg 300w\" sizes=\"auto, (max-width: 700px) 100vw, 700px\" \/><figcaption style=\"font-weight: bold; margin-bottom: 10px;\">Derri\u00e8re ce grillage, le tombeau de Cheikh Ahmed Tidjani, qu&rsquo;ALLAH l&rsquo;agr\u00e9e<\/figcaption><\/figure>\n<p style=\"text-align: justify;\">Il faut savoir que ce lieu b\u00e9ni poss\u00e8de des m\u00e9rites qui la situent au-dessus de toute autre Zaouiya. Se\u00efdina Ahmed Tidjani (qu\u2019ALLAH l\u2019agr\u00e9e) en parlant de ses m\u00e9rites a dit&nbsp;: \u00ab&nbsp;Si les grands connaissants savaient le m\u00e9rite que contient cette Zaouiya, ils viendraient y installer leurs tentes&nbsp;\u00bb. Souvent Se\u00efdina (qu\u2019ALLAH l\u2019agr\u00e9e) mentionnait la valeur de la Zaouiya, incitant les gens \u00e0 venir y prier, il dit&nbsp;: \u00ab&nbsp;La pri\u00e8re dans la Zaouiya est accept\u00e9e sans aucun doute&nbsp;\u00bb. Parmi les particularit\u00e9s de cette Zaouiya b\u00e9nie il y a le fait qu\u2019il soit interdit d\u2019enterrer quiconque dans sa terre cela par respect et afin de pr\u00e9server sa puret\u00e9. Se\u00efdina (qu\u2019ALLAH l\u2019agr\u00e9e) a fortement insist\u00e9 sur ce point jusqu\u2019\u00e0 dire&nbsp;: \u00ab&nbsp;Celui qui sera enterr\u00e9 dans la Zaouiya sera d\u00e9vor\u00e9 par le feu&nbsp;\u00bb.<\/p>\n<p style=\"text-align: justify;\">Cette mise en garde f\u00fbt grav\u00e9e par pr\u00e9caution dans une plaque en marbre fix\u00e9 sur un des piliers de la Zaouiya qui fait face \u00e0 l\u2019endroit o\u00f9 est enterr\u00e9 Se\u00efdina (qu\u2019ALLAH l\u2019agr\u00e9e), et tout cela, suite au commandement \u00e9crit par Sidi Mohamed el Habib (qu\u2019ALLAH l\u2019agr\u00e9e), le fils de Se\u00efdina Ahmed Tidjani (qu\u2019ALLAH l\u2019agr\u00e9e). De nombreux po\u00e8mes \u00e9logieux provenant de grandes sommit\u00e9s furent grav\u00e9es tout le long des murs et des colonnes. Il faut savoir aussi que dans la Zaouiya cinq puits furent creus\u00e9s, il y avait une biblioth\u00e8que appartenant \u00e0 Se\u00efdina (qu\u2019ALLAH l\u2019agr\u00e9e) et une pi\u00e8ce o\u00f9 il pr\u00e9parait des potions m\u00e9dicinales \u00e0 partir de plantes.<\/p>\n<p style=\"text-align: justify;\">Parmi les m\u00e9rites contenus encore dans la Zaouiya b\u00e9nie il faut savoir qu\u2019au commencement de la construction Se\u00efdina (qu\u2019ALLAH l\u2019agr\u00e9e) a fait interdire l\u2019acc\u00e8s et ensuite, accompagn\u00e9 d\u2019une poign\u00e9e de l\u2019\u00e9lite de ses compagnons, il grava sur la pierre le plus Grand des Noms Supr\u00eames et \u00e0 la suite il \u00e9crivit&nbsp;: \u00ab&nbsp;\u00d4! Mon Dieu je te demande, \u00d4&nbsp;! Mon Ma\u00eetre par la v\u00e9rit\u00e9 du plus grand de tes Noms Supr\u00eames, que tu prot\u00e8ges mes compagnons de Qaf \u00e0 Qaf&nbsp;\u00bb. Puis il ordonna que cela soit enfoui dans les fondements d\u2019un des piliers qui s\u2019appelle depuis le pilier d\u2019or.<\/p>\n<p style=\"text-align: justify;\">\n<h3 style=\"text-align: justify;\"><strong><span style=\"color: #800000;\">Le d\u00e9c\u00e8s de Se\u00efdina (qu\u2019ALLAH l\u2019agr\u00e9e)<\/span><\/strong><\/h3>\n<figure class=\"pull-right\"><img loading=\"lazy\" decoding=\"async\" class=\" alignright size-full wp-image-458\" src=\"https:\/\/tidjaniya.com\/fr\/wp-content\/uploads\/2018\/07\/5.jpg\" alt=\"\" width=\"700\" height=\"525\" align=\"right\" srcset=\"https:\/\/tidjaniya.com\/fr\/wp-content\/uploads\/2018\/07\/5.jpg 700w, https:\/\/tidjaniya.com\/fr\/wp-content\/uploads\/2018\/07\/5-300x225.jpg 300w\" sizes=\"auto, (max-width: 700px) 100vw, 700px\" \/><figcaption style=\"font-weight: bold; margin-bottom: 10px; margin-left: 35px;\">Tombeau de Cheikh Ahmed Tidjani, qu&rsquo;ALLAH l&rsquo;agr\u00e9e<\/figcaption><\/figure>\n<p style=\"text-align: justify;\">Lors de la maladie de Se\u00efdina (qu\u2019ALLAH l\u2019agr\u00e9e) qui allait engendrer sa mort, il demanda qu\u2019on lui emm\u00e8ne le Daliya de Bousa\u00efri mais on ne pouvait trouver ce po\u00e8me \u00e0 F\u00e8s. Se\u00efdina (qu\u2019ALLAH l\u2019agr\u00e9e) a alors ordonn\u00e9 \u00e0 quelques \u00e9lites parmi ses compagnons de se rendre dans la ville de Mekn\u00e8s. Quant ils le trouv\u00e8rent et qu\u2019ils revinrent avec, Se\u00efdina (qu\u2019ALLAH l\u2019agr\u00e9e) ordonna qu\u2019on le lui lise et une fois la lecture achev\u00e9e, il ne parla plus avec personne. Il demanda aussi qu\u2019on lui emm\u00e8ne le po\u00e8me de l\u2019imam Ghazzali (qu\u2019ALLAH l\u2019agr\u00e9e). Lorsqu\u2019il l\u2019eut, il le mit sous son oreiller la veille de sa mort, comme l\u2019avait fait l\u2019imam Ghazzali (qu\u2019ALLAH l\u2019agr\u00e9e), et voici les premiers passages de ce po\u00e8me&nbsp;:<\/p>\n<p style=\"text-align: justify;\">\n<p style=\"text-align: justify;\"><i>\u00ab&nbsp;Dis aux fr\u00e8res qui m\u2019ont vu mort<\/i><\/p>\n<p style=\"text-align: justify;\"><i>Qui m\u2019ont pleur\u00e9 et ont r\u00e9cit\u00e9 sur moi l\u2019oraison fun\u00e8bre avec tristesse<\/i><\/p>\n<p style=\"text-align: justify;\"><i>Est-ce que votre tristesse est pour l\u2019absent<\/i><\/p>\n<p style=\"text-align: justify;\"><i>Ou sur celui qui est pr\u00e9sent parmi vous ici&nbsp;?<\/i><\/p>\n<p style=\"text-align: justify;\"><i>Croyez-vous donc que je suis votre mort-ci<\/i><\/p>\n<p style=\"text-align: justify;\"><i>Non, Par Dieu&nbsp;! Ce mort n\u2019est pas moi<\/i><\/p>\n<p style=\"text-align: justify;\"><i>Car dans sa forme ce corps<\/i><\/p>\n<p style=\"text-align: justify;\"><i>Etait mon habit et ma tunique pour un temps,<\/i><\/p>\n<p style=\"text-align: justify;\"><i>Je suis une perle enferm\u00e9e dans une coquille<\/i><\/p>\n<p style=\"text-align: justify;\"><i>Qui \u00e9tait pour moi une prison \u00e0 laquelle j\u2019\u00e9tais accoutum\u00e9,<\/i><\/p>\n<p style=\"text-align: justify;\"><i>Je suis un oiseau et ceci est ma cage<\/i><\/p>\n<p style=\"text-align: justify;\"><i>Je me suis envol\u00e9 et ceci est rest\u00e9 pour dispara\u00eetre,<\/i><\/p>\n<p style=\"text-align: justify;\"><i>Je remercie Allah celui qui m\u2019a lib\u00e9r\u00e9<\/i><\/p>\n<p style=\"text-align: justify;\"><i>Et m\u2019a construit un emplacement dans les hauteurs,<\/i><\/p>\n<p style=\"text-align: justify;\"><i>J\u2018\u00e9tais avant ce jour un mort parmi vous<\/i><\/p>\n<p style=\"text-align: justify;\"><i>J\u2019ai rev\u00e9cu et j\u2019ai \u00f4t\u00e9 le linceul<\/i><\/p>\n<p style=\"text-align: justify;\"><i>Aujourd\u2019hui je converse avec les nobles assembl\u00e9es<\/i><\/p>\n<p style=\"text-align: justify;\"><i>Et je vois la v\u00e9rit\u00e9 de mes propres yeux<\/i><\/p>\n<p style=\"text-align: justify;\"><i>Je suis install\u00e9 devant la Table Gard\u00e9e<\/i><\/p>\n<p style=\"text-align: justify;\"><i>O\u00f9 je lis et je vois&nbsp;!<\/i><\/p>\n<p style=\"text-align: justify;\"><i>Tout ce qui \u00e9tait, tout ce qui sera et tout ce qui est proche\u2026&nbsp;\u00bb<\/i><\/p>\n<p style=\"text-align: justify;\">\n<p style=\"text-align: justify;\">A l\u2019instant o\u00f9 Se\u00efdina (qu\u2019ALLAH l\u2019agr\u00e9e) s\u2019est approch\u00e9 du moment de sa mort il disait \u00e0 cause de l\u2019intensit\u00e9 de ce qui descendait sur lui&nbsp;: \u00ab&nbsp;Allah&nbsp;! Allah&nbsp;! La lumi\u00e8re br\u00fble mon c\u0153ur&nbsp;; Allah&nbsp;! La lumi\u00e8re br\u00fble mon c\u0153ur&nbsp;\u00bb. Et il n\u2019a pas arr\u00eat\u00e9 de le dire tout au long de la nuit. Puis \u00e0 l\u2019approche du Fajr Se\u00efdina (qu\u2019ALLAH l\u2019agr\u00e9e) s\u2019est tourn\u00e9 vers les gens pr\u00e9sents et il leur a dit&nbsp;: \u00ab&nbsp;Le Proph\u00e8te est pr\u00e9sent avec les quatre Khoulafa, levez-vous et sortez&nbsp;\u00bb. Et il n\u2019y a que quelques \u00e9lites qui rest\u00e8rent avec lui. Il n\u2019est pass\u00e9 qu\u2019une heure, il fit son Soubh s\u2019allongea sur le c\u00f4t\u00e9 et r\u00e9clama un verre d\u2019eau. Apr\u00e8s l\u2019avoir bu, il se rallongea et quitta ce monde terrestre, ce fut le jeudi 17 Chawwal 1230 (1815 apr. J.-C.) \u00e0 l\u2019\u00e2ge de 80 ans.<\/p>\n<p style=\"text-align: justify;\">Il fut enterr\u00e9 en pr\u00e9sence d\u2019un nombre impressionnant de savants, d\u2019hommes pieux et de saints, ainsi que d\u2019\u00e9mir. Le prince des croyants Maoulana Soule\u00efman (qu\u2019ALLAH l\u2019agr\u00e9e), a voulu y assister, mais il se trouvait \u00e0 Marrakech lorsque l\u2019\u00e9v\u00e9nement se produisit. C\u2019est le Qadi de F\u00e8s, l\u2019illustre Sidi Mohammed ibn Ibrahim Dakali, qui fit la pri\u00e8re mortuaire sur le corps b\u00e9ni de Se\u00efdina Ahmed Tidjani (qu\u2019ALLAH l\u2019agr\u00e9e) et ce fut un moment tr\u00e8s intense en \u00e9motion o\u00f9 jaillissait les pleurs, puis il fut enterr\u00e9 dans le jardin qui juxtaposait les murs de la Zaouiya b\u00e9nie, par la suite, au fur et \u00e0 mesure de son agrandissement cette parcelle fut incluse dans les murs de la Zaouiya.<\/p>\n<p style=\"text-align: justify;\">\n<h3 style=\"text-align: justify;\"><strong><span style=\"color: #800000;\">Episode du d\u00e9part des enfants de Se\u00efdina (qu\u2019ALLAH l\u2019agr\u00e9e)<\/span><\/strong><\/h3>\n<figure class=\"pull-left\"><img loading=\"lazy\" decoding=\"async\" class=\" alignleft size-full wp-image-459\" src=\"https:\/\/tidjaniya.com\/fr\/wp-content\/uploads\/2018\/07\/6.jpg\" alt=\"\" width=\"700\" height=\"525\" align=\"left\" srcset=\"https:\/\/tidjaniya.com\/fr\/wp-content\/uploads\/2018\/07\/6.jpg 700w, https:\/\/tidjaniya.com\/fr\/wp-content\/uploads\/2018\/07\/6-300x225.jpg 300w\" sizes=\"auto, (max-width: 700px) 100vw, 700px\" \/><figcaption style=\"font-weight: bold; margin-bottom: 10px;\">Tombeau de Cheikh Ahmed Tidjani, qu&rsquo;ALLAH l&rsquo;agr\u00e9e<\/figcaption><\/figure>\n<p style=\"text-align: justify;\">Se\u00efdina (qu\u2019ALLAH l\u2019agr\u00e9e) exprima le souhait que suite \u00e0 son d\u00e9c\u00e8s, se soit son compagnon Sidi Mohamed El Ghali (qu\u2019ALLAH l\u2019agr\u00e9e) qui fasse la pri\u00e8re mortuaire sur lui, alors qu\u2019il n\u2019\u00e9tait pas pr\u00e9sent puisqu\u2019il \u00e9tait en voyage. De plus, il confia la tutelle de ses deux nobles enfants \u00e0 son grand khalife Sidi Hajj \u2018Ali Tamacini (qu\u2019ALLAH l\u2019agr\u00e9e) avec comme mission de les ramener dans leur pays \u00e0 \u2018Ain Madhi&nbsp;; en effet Se\u00efdina (qu\u2019ALLAH l\u2019agr\u00e9e) avait dit&nbsp;: \u00ab&nbsp;Il n\u2019y a que le d\u00e9sert qui convient \u00e0 mes enfants&nbsp;\u00bb. Lorsque Se\u00efdina (qu\u2019ALLAH l\u2019agr\u00e9e) quitta ce monde terrestre, le P\u00f4le Sidi Hajj \u2018Ali Tamacini (qu\u2019ALLAH l\u2019agr\u00e9e), accompagn\u00e9e de quelques compagnons originaires du d\u00e9sert, voulut emmener les enfants de Se\u00efdina (qu\u2019ALLAH l\u2019agr\u00e9e) mais ceux-ci se plaisait tant \u00e0 F\u00e8s qu\u2019ils refus\u00e8rent de le suivre et qu\u2019ils d\u00e9cid\u00e8rent de rester \u00e0&nbsp;la Dar Miraya. Sidi Hajj \u2018Ali (qu\u2019ALLAH l\u2019agr\u00e9e) ne pouvant les contraindre s\u2019en alla puis, en sortant de la ville, ordonna \u00e0 ses hommes qui \u00e9taient environ 200, de s\u2019arr\u00eater et de lever les mains puis il supplia ALLAH en ces termes&nbsp;: <i>\u00ab&nbsp;Je demande \u00e0 Allah que le Sultan reprenne possession de la demeure de Se\u00efdina afin que ses enfants se lassent et d\u00e9sirent quitter ce pays&nbsp;\u00bb.<\/i> Puis il cl\u00f4tura sa supplication et ils reprirent la route pour \u2018A\u00efn Madhi.<\/p>\n<p style=\"text-align: justify;\">Par la suite, conform\u00e9ment au destin d\u2019Allah, il arriva l\u2019incident suivant&nbsp;: Sidi Mohammed el Kabir (qu\u2019ALLAH l\u2019agr\u00e9e), le fils de Se\u00efdina (qu\u2019ALLAH l\u2019agr\u00e9e), passa dans une des rues de F\u00e8s chevauchant une mule qui appartenait \u00e0 son noble p\u00e8re. Il fut aper\u00e7u par Moulay Ibrahim le fils du Sultan Soule\u00efman (qu\u2019ALLAH l\u2019agr\u00e9e), il dit au fils de Se\u00efdina&nbsp;: <i>\u00ab&nbsp;Je voudrais que tu m\u2019envoies cette mule pour que je puisse la chevaucher et la regarder, ensuite je te la renverrai, car elle me pla\u00eet&nbsp;\u00bb<\/i>. Sidi Mohammed el Kabir (qu\u2019ALLAH l\u2019agr\u00e9e) a bien compris son v\u00e9ritable objectif et qu\u2019il ne s\u2019agissait en fait que d\u2019une ruse pour s\u2019approprier la mule, donc il ne lui avait pas envoy\u00e9. Le fils du Sultan fut vex\u00e9 et il exp\u00e9dia alors une lettre \u00e0 son p\u00e8re qui se trouvait \u00e0 Marrakech, pour l\u2019informer que les enfants de Se\u00efdina (qu\u2019ALLAH l\u2019agr\u00e9e) voulaient quitter le pays et Moulay Ibrahim demanda \u00e0 son p\u00e8re ce qu\u2019il allait advenir de la Dar Miraya qu\u2019ils allaient quitter. Le Sultan ordonna \u00e0 son fils de remettre cette maison \u00e0 un Ch\u00e9rif faisant partie de sa famille et cette r\u00e9ponse lui parvint le jour de l\u2019A\u00efd el Adha (f\u00eate du sacrifice). Moulay Ibrahim envoya dire aux enfants de Se\u00efdina (qu\u2019ALLAH l\u2019agr\u00e9e) qu\u2019ils devaient sortir de cette demeure en ce jour m\u00eame en allusion \u00e0 des r\u00e9parations \u00e0 entreprendre. Se\u00efdina Ahmed Tidjani (qu\u2019ALLAH l\u2019agr\u00e9e) avait pr\u00e9dit cela avant son d\u00e9c\u00e8s et aussi que cette demeure serait achet\u00e9e plus tard par un disciple dans sa voie, ce qui arriva effectivement.<\/p>\n<p style=\"text-align: justify;\">Les enfants de Se\u00efdina (qu\u2019ALLAH l\u2019agr\u00e9e) s\u2019en all\u00e8rent donc avec leurs affaires dans la Zaouiya b\u00e9nie et cette situation commen\u00e7a \u00e0 les mettre mal \u00e0 l\u2019aise au point de se sentir \u00e0 l\u2019\u00e9troit. Dans cet \u00e9tat ils attendaient la venue de Sidi Hajj \u2018Ali Tamacini (qu\u2019ALLAH l\u2019agr\u00e9e) afin de pouvoir partir avec lui pour \u2018A\u00efn Madhi et lorsqu\u2019il revint en effet et qu\u2019il voulut repartir avec eux, ils furent emp\u00each\u00e9s par les compagnons de Se\u00efdina (qu\u2019ALLAH l\u2019agr\u00e9e) qui habitaient \u00e0 F\u00e8s. Ils ne purent finalement s\u2019en aller qu\u2019apr\u00e8s de longues discussions. Le corps b\u00e9ni de Se\u00efdina (qu\u2019ALLAH l\u2019agr\u00e9e) fut d\u00e9terr\u00e9 un peu plus de quatre mois apr\u00e8s son d\u00e9c\u00e8s, le 21 du mois de Safar 1231, par ses enfants, par quelques serviteurs et des habitants du Sahara. Il fut mis dans un cercueil qu\u2019ils cach\u00e8rent dans la rue Djiniyara (non loin de la Zaouiya) en attendant de partir pour le Sahara le lendemain ou surlendemain. Or, la nuit o\u00f9 Se\u00efdina (qu\u2019ALLAH l\u2019agr\u00e9e) fut sorti de sa tombe il vint voir en r\u00eave 50 de ses compagnons et il a dit \u00e0 chacun d\u2019entre eux&nbsp;: \u00ab&nbsp;Je vais voyager&nbsp;\u00bb.<\/p>\n<p style=\"text-align: justify;\">Lorsqu\u2019ils se r\u00e9unirent le lendemain de l\u2019exhumation dans la Zaouiya b\u00e9nie et qu\u2019ils se racont\u00e8rent tous la m\u00eame vision, ils comprirent que Se\u00efdina (qu\u2019ALLAH l\u2019agr\u00e9e) avait \u00e9t\u00e9 enlev\u00e9 de sa tombe. Ils le recherch\u00e8rent et le trouv\u00e8rent dans la ruelle en question o\u00f9 il avait pass\u00e9 la nuit aupr\u00e8s de ses enfants. A cet instant pr\u00e9cis les compagnons de Se\u00efdina (qu\u2019ALLAH l\u2019agr\u00e9e) constat\u00e8rent la concr\u00e9tisation de la pr\u00e9dication faite par Se\u00efdina (qu\u2019ALLAH l\u2019agr\u00e9e), avant de mourir, d\u00e9sirant que son compagnon, Sidi Mohamed el Ghali (qu\u2019ALLAH l\u2019agr\u00e9e) accomplisse la pri\u00e8re mortuaire sur lui. Celui-ci \u00e9tait en voyage lors de son d\u00e9c\u00e8s, mais suite \u00e0 cet \u00e9v\u00e8nement impr\u00e9visible qui co\u00efncida avec son retour de voyage il a fait effectivement la pri\u00e8re sur Se\u00efdina (qu\u2019ALLAH l\u2019agr\u00e9e). Lorsqu\u2019ils le remirent dans sa tombe, il se d\u00e9gagea un parfum qui ne pouvait \u00eatre d\u00e9crit et l\u2019odeur \u00e9tait si enivrante qu\u2019ils craignirent que les gens pr\u00e9sents perdent connaissance, de plus ils constat\u00e8rent au niveau de ses pieds une verdure brillante et \u00e9clatante et c\u2019est comme s\u2019il venait juste de mourir. Par pr\u00e9caution les habitants de F\u00e8s construisirent quelque chose de lourd et de solide sur sa tombe.<\/p>\n<p style=\"text-align: justify;\">\u00c0 F\u00e8s se trouve aussi les tombes de plusieurs enfants de Se\u00efdina Ahmed Tidjani (qu\u2019ALLAH l\u2019agr\u00e9e) mort en bas \u00e2ge, parmi eux il y a Sidi Khalifa, Sa\u00efda Fatima, Sidi Mohamed es-seghir. Il y encore un grand nombre de ses compagnons et des piliers de cette Tariqa qui furent enterr\u00e9s dans les diff\u00e9rents cimeti\u00e8res se trouvant \u00e0 la sortie de la vieille ville (Bab Ftouh, Bab Ajissa\u2026).<\/p>\n<p style=\"text-align: justify;\"><strong>Recherche et traduction par la Zaouiya Tidjaniya El Koubra d&rsquo;Europe<\/strong><\/p>\n","protected":false},"excerpt":{"rendered":"<p>Aper\u00e7u historique Toit de la Zawiya de F\u00e8s La cit\u00e9 de F\u00e8s f\u00fbt b\u00e2tie aux environs de 789 ap J.C par un saint, descendant du Proph\u00e8te (que la pri\u00e8re et la paix soit sur lui), Sidi Moulay Idriss Ier (qu\u2019ALLAH l\u2019agr\u00e9e). Vers l\u2019an 809 la ville devient le si\u00e8ge de la dynastie par son fils [&hellip;]<\/p>\n","protected":false},"author":2,"featured_media":3685,"comment_status":"open","ping_status":"open","sticky":false,"template":"","format":"standard","meta":{"_uag_custom_page_level_css":"","footnotes":""},"categories":[73],"tags":[],"class_list":["post-460","post","type-post","status-publish","format-standard","has-post-thumbnail","hentry","category-lieux-benis-de-la-voie"],"blocksy_meta":[],"featured_image_urls_v2":{"full":["https:\/\/tidjaniya.com\/fr\/wp-content\/uploads\/2018\/07\/zawiya-tidjaniya-fes2.jpg",1600,800,false],"thumbnail":["https:\/\/tidjaniya.com\/fr\/wp-content\/uploads\/2018\/07\/zawiya-tidjaniya-fes2-150x150.jpg",150,150,true],"medium":["https:\/\/tidjaniya.com\/fr\/wp-content\/uploads\/2018\/07\/zawiya-tidjaniya-fes2-300x150.jpg",300,150,true],"medium_large":["https:\/\/tidjaniya.com\/fr\/wp-content\/uploads\/2018\/07\/zawiya-tidjaniya-fes2-768x384.jpg",768,384,true],"large":["https:\/\/tidjaniya.com\/fr\/wp-content\/uploads\/2018\/07\/zawiya-tidjaniya-fes2-1024x512.jpg",1024,512,true],"1536x1536":["https:\/\/tidjaniya.com\/fr\/wp-content\/uploads\/2018\/07\/zawiya-tidjaniya-fes2-1536x768.jpg",1536,768,true],"2048x2048":["https:\/\/tidjaniya.com\/fr\/wp-content\/uploads\/2018\/07\/zawiya-tidjaniya-fes2.jpg",1600,800,false]},"post_excerpt_stackable_v2":"<p>Aper\u00e7u historique Toit de la Zawiya de F\u00e8s La cit\u00e9 de F\u00e8s f\u00fbt b\u00e2tie aux environs de 789 ap J.C par un saint, descendant du Proph\u00e8te (que la pri\u00e8re et la paix soit sur lui), Sidi Moulay Idriss Ier (qu\u2019ALLAH l\u2019agr\u00e9e). Vers l\u2019an 809 la ville devient le si\u00e8ge de la dynastie par son fils tout aussi pieux appel\u00e9 Sidi Moulay Idriss II\u00e8me (qu\u2019ALLAH l\u2019agr\u00e9e) o\u00f9 d\u2019ailleurs se trouve son mausol\u00e9e. En 818 on voit se former deux quartiers distincts dans la noble ville en raison de l\u2019arriv\u00e9 massive d\u2019une part de 8000 familles r\u00e9fugi\u00e9es venant de Cordoue (Espagne) et\u2026<\/p>\n","category_list_v2":"<a href=\"https:\/\/tidjaniya.com\/fr\/category\/lieux-benis-de-la-voie\/\" rel=\"category tag\">Lieux b\u00e9nis de la Voie<\/a>","author_info_v2":{"name":"Samia Ajdid","url":"https:\/\/tidjaniya.com\/fr\/author\/samia-ajdid\/"},"comments_num_v2":"0 commentaire","uagb_featured_image_src":{"full":["https:\/\/tidjaniya.com\/fr\/wp-content\/uploads\/2018\/07\/zawiya-tidjaniya-fes2.jpg",1600,800,false],"thumbnail":["https:\/\/tidjaniya.com\/fr\/wp-content\/uploads\/2018\/07\/zawiya-tidjaniya-fes2-150x150.jpg",150,150,true],"medium":["https:\/\/tidjaniya.com\/fr\/wp-content\/uploads\/2018\/07\/zawiya-tidjaniya-fes2-300x150.jpg",300,150,true],"medium_large":["https:\/\/tidjaniya.com\/fr\/wp-content\/uploads\/2018\/07\/zawiya-tidjaniya-fes2-768x384.jpg",768,384,true],"large":["https:\/\/tidjaniya.com\/fr\/wp-content\/uploads\/2018\/07\/zawiya-tidjaniya-fes2-1024x512.jpg",1024,512,true],"1536x1536":["https:\/\/tidjaniya.com\/fr\/wp-content\/uploads\/2018\/07\/zawiya-tidjaniya-fes2-1536x768.jpg",1536,768,true],"2048x2048":["https:\/\/tidjaniya.com\/fr\/wp-content\/uploads\/2018\/07\/zawiya-tidjaniya-fes2.jpg",1600,800,false]},"uagb_author_info":{"display_name":"Samia Ajdid","author_link":"https:\/\/tidjaniya.com\/fr\/author\/samia-ajdid\/"},"uagb_comment_info":0,"uagb_excerpt":"Aper\u00e7u historique Toit de la Zawiya de F\u00e8s La cit\u00e9 de F\u00e8s f\u00fbt b\u00e2tie aux environs de 789 ap J.C par un saint, descendant du Proph\u00e8te (que la pri\u00e8re et la paix soit sur lui), Sidi Moulay Idriss Ier (qu\u2019ALLAH l\u2019agr\u00e9e). Vers l\u2019an 809 la ville devient le si\u00e8ge de la dynastie par son fils\u2026","_links":{"self":[{"href":"https:\/\/tidjaniya.com\/fr\/wp-json\/wp\/v2\/posts\/460","targetHints":{"allow":["GET"]}}],"collection":[{"href":"https:\/\/tidjaniya.com\/fr\/wp-json\/wp\/v2\/posts"}],"about":[{"href":"https:\/\/tidjaniya.com\/fr\/wp-json\/wp\/v2\/types\/post"}],"author":[{"embeddable":true,"href":"https:\/\/tidjaniya.com\/fr\/wp-json\/wp\/v2\/users\/2"}],"replies":[{"embeddable":true,"href":"https:\/\/tidjaniya.com\/fr\/wp-json\/wp\/v2\/comments?post=460"}],"version-history":[{"count":1,"href":"https:\/\/tidjaniya.com\/fr\/wp-json\/wp\/v2\/posts\/460\/revisions"}],"predecessor-version":[{"id":3412,"href":"https:\/\/tidjaniya.com\/fr\/wp-json\/wp\/v2\/posts\/460\/revisions\/3412"}],"wp:featuredmedia":[{"embeddable":true,"href":"https:\/\/tidjaniya.com\/fr\/wp-json\/wp\/v2\/media\/3685"}],"wp:attachment":[{"href":"https:\/\/tidjaniya.com\/fr\/wp-json\/wp\/v2\/media?parent=460"}],"wp:term":[{"taxonomy":"category","embeddable":true,"href":"https:\/\/tidjaniya.com\/fr\/wp-json\/wp\/v2\/categories?post=460"},{"taxonomy":"post_tag","embeddable":true,"href":"https:\/\/tidjaniya.com\/fr\/wp-json\/wp\/v2\/tags?post=460"}],"curies":[{"name":"wp","href":"https:\/\/api.w.org\/{rel}","templated":true}]}}