{"id":621,"date":"2021-01-31T19:55:05","date_gmt":"2021-01-31T18:55:05","guid":{"rendered":"https:\/\/tidjaniya.com\/fr\/?p=621"},"modified":"2025-04-29T00:07:09","modified_gmt":"2025-04-28T22:07:09","slug":"mohammed-l-ultime-joyau-de-la-prophetie-priere-et-paix-sur-lui","status":"publish","type":"post","link":"https:\/\/tidjaniya.com\/fr\/mohammed-l-ultime-joyau-de-la-prophetie-priere-et-paix-sur-lui\/","title":{"rendered":"SIRA NABAWIYA"},"content":{"rendered":"\n<h2 class=\"wp-block-heading\">L\u2019importance d\u2019\u00e9tudier la sira (Biographie du Proph\u00e8te \ufdfa)<\/h2>\n\n\n\n<p>Il est imp\u00e9ratif pour le musulman de conna\u00eetre l\u2019importance de cette biographie.<\/p>\n\n\n\n<p>Malheureusement, nous sommes dans une \u00e9poque o\u00f9 l\u2019on constate que les gens se pr\u00e9cipitent pour conna\u00eetre les biographies de n\u2019importe qui. Ils connaissent le parcours des artistes, des footballeurs, des athl\u00e8tes, des politiciens, des riches et des c\u00e9l\u00e9brit\u00e9s, et n\u00e9gligent la perle pr\u00e9cieuse gard\u00e9e. Ils sont insouciants vis-\u00e0-vis de la meilleure des cr\u00e9atures d\u2019ALLAH (qu\u2019Il soit exalt\u00e9), qui a \u00e9t\u00e9 envoy\u00e9e non seulement aux gens mais aux mondes comme un don de mis\u00e9ricorde, que la pri\u00e8re d\u2019Allah (glorifi\u00e9 et exalt\u00e9) et Son salut soient sur lui, ainsi que sur sa famille.<\/p>\n\n\n\n<p>De nombreux facteurs nous encouragent \u00e0 \u00e9tudier la sira, et il y a de bonnes raisons qui indiquent l\u2019importance d\u2019\u00e9tudier cette biographie, et parmi elles :<\/p>\n\n\n\n<div class=\"wp-block-buttons is-content-justification-center is-layout-flex wp-container-core-buttons-is-layout-a89b3969 wp-block-buttons-is-layout-flex\">\n<div class=\"wp-block-button\"><a class=\"wp-block-button__link wp-element-button\" href=\"https:\/\/tidjaniya.com\/fr\/limportance-detudier-la-sira-biographie-du-prophete-%ef%b7%ba\/\">Lire la suite<\/a><\/div>\n<\/div>\n\n\n\n<div style=\"height:30px\" aria-hidden=\"true\" class=\"wp-block-spacer\"><\/div>\n\n\n<div class=\"n2_clear\"><ss3-force-full-width data-overflow-x=\"body\" data-horizontal-selector=\"body\"><div class=\"n2-section-smartslider fitvidsignore  n2_clear\" data-ssid=\"3\" tabindex=\"0\" role=\"region\" aria-label=\"Slider\"><div id=\"n2-ss-3-align\" class=\"n2-ss-align\"><div class=\"n2-padding\"><div id=\"n2-ss-3\" data-creator=\"Smart Slider 3\" data-responsive=\"fullwidth\" class=\"n2-ss-slider n2-ow n2-has-hover n2notransition  \">\n        <div class=\"n2-ss-slider-1 n2_ss__touch_element n2-ow\">\n            <div class=\"n2-ss-slider-2 n2-ow\">\n                                                <div class=\"n2-ss-slider-3 n2-ow\">\n\n                    <div class=\"n2-ss-slide-backgrounds n2-ow-all\"><div class=\"n2-ss-slide-background\" data-public-id=\"1\" data-mode=\"fill\"><div data-color=\"RGBA(51,163,112,1)\" style=\"background-color: RGBA(51,163,112,1);\" class=\"n2-ss-slide-background-color\"><\/div><\/div><\/div>                    <div class=\"n2-ss-slider-4 n2-ow\">\n                        <svg xmlns=\"http:\/\/www.w3.org\/2000\/svg\" viewBox=\"0 0 1200 700\" data-related-device=\"desktopPortrait\" class=\"n2-ow n2-ss-preserve-size n2-ss-preserve-size--slider n2-ss-slide-limiter\"><\/svg><div data-first=\"1\" data-slide-duration=\"0\" data-id=\"15\" data-slide-public-id=\"1\" data-title=\"Slide\" class=\"n2-ss-slide n2-ow  n2-ss-slide-15\"><div role=\"note\" class=\"n2-ss-slide--focus\" tabindex=\"-1\">Slide<\/div><div class=\"n2-ss-layers-container n2-ss-slide-limiter n2-ow\"><div class=\"n2-ss-layer n2-ow n-uc-kVGhPOKOpWgD\" data-sstype=\"slide\" data-pm=\"default\"><div class=\"n2-ss-layer n2-ow n-uc-X8ZVRTA5xjX5\" data-pm=\"default\" data-sstype=\"content\" data-hasbackground=\"0\"><div class=\"n2-ss-section-main-content n2-ss-layer-with-background n2-ss-layer-content n2-ow n-uc-X8ZVRTA5xjX5-inner\"><div class=\"n2-ss-layer n2-ow n2-ss-layer--block n2-ss-has-self-align n-uc-GjJtMjdbjIxB\" data-pm=\"normal\" data-sstype=\"row\"><div class=\"n2-ss-layer-row n2-ss-layer-with-background n-uc-GjJtMjdbjIxB-inner\"><div class=\"n2-ss-layer-row-inner \"><div class=\"n2-ss-layer n2-ow n-uc-pTJQ3b01Sj4E\" data-pm=\"default\" data-sstype=\"col\"><div class=\"n2-ss-layer-col n2-ss-layer-with-background n2-ss-layer-content n-uc-pTJQ3b01Sj4E-inner\"><div class=\"n2-ss-layer n2-ow n-uc-B9SzfBbA1cjK\" data-pm=\"normal\" data-sstype=\"layer\"><div id=\"n2-ss-3item1\" class=\"n2-font-f9418519e4405eef8acdaf8e3b3ac68c-hover   n2-ss-item-content n2-ss-text n2-ow\" style=\"display:block;\">Sira Nabawiya<\/div><\/div><div class=\"n2-ss-layer n2-ow n-uc-CBmqEtLOJsLE\" data-pm=\"normal\" data-sstype=\"layer\"><div id=\"n2-ss-3item2\" class=\"n2-font-6726548e9d316a703a2635872a60f13e-hover   n2-ss-item-content n2-ss-text n2-ow\" style=\"display:block;\">La Vie du Proph\u00e8te, Pri\u00e8re et Paix sur Lui<\/div><\/div><div class=\"n2-ss-layer n2-ow n-uc-RtGjUct0RmTs\" data-pm=\"normal\" data-sstype=\"layer\"><div class=\"n2-ss-item-content n2-ss-text n2-ow-all\"><div class=\"\"><p class=\"n2-font-621409a36377b7fa672043738d2555e6-paragraph   \">Ecouter et Lire \u00ab\u00a0Mohammed l&rsquo;Ultime Joyau de la Proph\u00e9tie, Pri\u00e8re et Paix sur Lui\u00a0\u00bb<\/p>\n<\/div><\/div><\/div><\/div><\/div><div class=\"n2-ss-layer n2-ow n-uc-P363YDkigqWX\" data-pm=\"default\" data-sstype=\"col\"><div class=\"n2-ss-layer-col n2-ss-layer-with-background n2-ss-layer-content n-uc-P363YDkigqWX-inner\"><div class=\"n2-ss-layer n2-ow n-uc-1KbnQsISksKd\" data-pm=\"normal\" data-ssparallax=\"2\" data-sstype=\"layer\"><div class=\" n2-ss-item-image-content n2-ss-item-content n2-ow-all\"><picture class=\"skip-lazy\" data-skip-lazy=\"1\"><img loading=\"lazy\" decoding=\"async\" id=\"n2-ss-3item4\" alt=\"\" class=\"skip-lazy\" width=\"800\" height=\"704\" data-skip-lazy=\"1\" src=\"\/\/tidjaniya.com\/fr\/wp-content\/uploads\/2021\/01\/cd-mp3-muhammad-lultime-joyau-de-la-prophetie-islam-audio.jpg\" \/><\/picture><\/div><\/div><\/div><\/div><\/div><\/div><\/div><\/div><\/div><\/div><\/div><\/div>                    <\/div>\n\n                    <div id=\"n2-ss-3-shape-divider-top\" class=\"n2-ss-shape-divider n2-ss-shape-divider-top\" data-ss-sd-animate=\"1\" data-ss-sd-scroll=\"0\" data-ss-sd-speed=\"100\" data-ss-sd-side=\"top\"><div class=\"n2-ss-shape-divider-inner\"><svg xmlns=\"http:\/\/www.w3.org\/2000\/svg\" viewBox=\"0 0 1920 130\" preserveAspectRatio=\"none\"> <path fill='RGBA(255,255,255,1)' duration=\"1\" ease=\"easeInOutQuint\" d=\"M1920,20L1920,-2L0,-2L0,20z\" to-d=\"M1920,130L1920,-2L0,-2L0,20z\"><\/path><\/svg><\/div><\/div><div id=\"n2-ss-3-shape-divider-bottom\" class=\"n2-ss-shape-divider n2-ss-shape-divider-bottom\" data-ss-sd-animate=\"1\" data-ss-sd-scroll=\"0\" data-ss-sd-speed=\"100\" data-ss-sd-side=\"bottom\"><div class=\"n2-ss-shape-divider-inner\"><svg xmlns=\"http:\/\/www.w3.org\/2000\/svg\" viewBox=\"0 0 1920 130\" preserveAspectRatio=\"none\"> <path fill='RGBA(255,255,255,1)' duration=\"1\" ease=\"easeInOutQuint\" d=\"M0,110L0,132L1920,132L1920,110z\" to-d=\"M0,0L0,132L1920,132L1920,110z\"><\/path><\/svg><\/div><\/div>                <\/div>\n            <\/div>\n        <\/div>\n        <\/div><ss3-loader><\/ss3-loader><\/div><\/div><div class=\"n2_clear\"><\/div><\/div><\/ss3-force-full-width><\/div>\n\n\n<div style=\"height:100px\" aria-hidden=\"true\" class=\"wp-block-spacer\"><\/div>\n\n\n\n<div class=\"wp-block-uagb-advanced-heading uagb-block-6d91a751\"><h2 class=\"uagb-heading-text\">Enregistrements Audio<\/h2><div class=\"uagb-separator-wrap\"><div class=\"uagb-separator\"><\/div><\/div><p class=\"uagb-desc-text\">Ecouter la lecture de notre fr\u00e8re AbdALLAH Fabe<\/p><\/div>\n\n\n<div class=\"cue-playlist-container\">\n<div class=\"cue-playlist cue-theme-default\" itemscope itemtype=\"http:\/\/schema.org\/MusicPlaylist\">\n\t\n\t<meta itemprop=\"numTracks\" content=\"63\" \/>\n\n\t<audio src=\"https:\/\/tidjaniya.com\/fr\/wp-content\/uploads\/2021\/04\/001...Repartition-geographique-et-caracteristiques-des-tribus-arabes.mp3\" controls preload=\"none\" class=\"cue-audio\" style=\"width: 100%; height: auto\"><\/audio>\n\n\t<ol class=\"cue-tracks\">\n\t\t\t\t\t<li class=\"cue-track\" itemprop=\"track\" itemscope itemtype=\"http:\/\/schema.org\/MusicRecording\">\n\t\t\t\t\n\t\t\t\t<span class=\"cue-track-details cue-track-cell\">\n\t\t\t\t\t<span class=\"cue-track-title\" itemprop=\"name\">001...R\u00e9partition g\u00e9ographique et caract\u00e9ristiques des tribus arabes<\/span>\n\t\t\t\t\t<span class=\"cue-track-artist\" itemprop=\"byArtist\"><\/span>\n\t\t\t\t<\/span>\n\n\t\t\t\t\n\t\t\t\t<span class=\"cue-track-length cue-track-cell\">21:41<\/span>\n\n\t\t\t\t\t\t\t<\/li>\n\t\t\t\t\t<li class=\"cue-track\" itemprop=\"track\" itemscope itemtype=\"http:\/\/schema.org\/MusicRecording\">\n\t\t\t\t\n\t\t\t\t<span class=\"cue-track-details cue-track-cell\">\n\t\t\t\t\t<span class=\"cue-track-title\" itemprop=\"name\">002...Les religions des Arabes<\/span>\n\t\t\t\t\t<span class=\"cue-track-artist\" itemprop=\"byArtist\"><\/span>\n\t\t\t\t<\/span>\n\n\t\t\t\t\n\t\t\t\t<span class=\"cue-track-length cue-track-cell\">17:13<\/span>\n\n\t\t\t\t\t\t\t<\/li>\n\t\t\t\t\t<li class=\"cue-track\" itemprop=\"track\" itemscope itemtype=\"http:\/\/schema.org\/MusicRecording\">\n\t\t\t\t\n\t\t\t\t<span class=\"cue-track-details cue-track-cell\">\n\t\t\t\t\t<span class=\"cue-track-title\" itemprop=\"name\">003...Aspects de la soci\u00e9t\u00e9 arabe pr\u00e9islamique<\/span>\n\t\t\t\t\t<span class=\"cue-track-artist\" itemprop=\"byArtist\"><\/span>\n\t\t\t\t<\/span>\n\n\t\t\t\t\n\t\t\t\t<span class=\"cue-track-length cue-track-cell\">11:24<\/span>\n\n\t\t\t\t\t\t\t<\/li>\n\t\t\t\t\t<li class=\"cue-track\" itemprop=\"track\" itemscope itemtype=\"http:\/\/schema.org\/MusicRecording\">\n\t\t\t\t\n\t\t\t\t<span class=\"cue-track-details cue-track-cell\">\n\t\t\t\t\t<span class=\"cue-track-title\" itemprop=\"name\">004...La g\u00e9n\u00e9alogie et la famille du Proph\u00e8te<\/span>\n\t\t\t\t\t<span class=\"cue-track-artist\" itemprop=\"byArtist\"><\/span>\n\t\t\t\t<\/span>\n\n\t\t\t\t\n\t\t\t\t<span class=\"cue-track-length cue-track-cell\">13:42<\/span>\n\n\t\t\t\t\t\t\t<\/li>\n\t\t\t\t\t<li class=\"cue-track\" itemprop=\"track\" itemscope itemtype=\"http:\/\/schema.org\/MusicRecording\">\n\t\t\t\t\n\t\t\t\t<span class=\"cue-track-details cue-track-cell\">\n\t\t\t\t\t<span class=\"cue-track-title\" itemprop=\"name\">005...Muhammad de la naissance \u00e0 la proph\u00e9tie<\/span>\n\t\t\t\t\t<span class=\"cue-track-artist\" itemprop=\"byArtist\"><\/span>\n\t\t\t\t<\/span>\n\n\t\t\t\t\n\t\t\t\t<span class=\"cue-track-length cue-track-cell\">26:50<\/span>\n\n\t\t\t\t\t\t\t<\/li>\n\t\t\t\t\t<li class=\"cue-track\" itemprop=\"track\" itemscope itemtype=\"http:\/\/schema.org\/MusicRecording\">\n\t\t\t\t\n\t\t\t\t<span class=\"cue-track-details cue-track-cell\">\n\t\t\t\t\t<span class=\"cue-track-title\" itemprop=\"name\">006...La premi\u00e8re r\u00e9v\u00e9lation<\/span>\n\t\t\t\t\t<span class=\"cue-track-artist\" itemprop=\"byArtist\"><\/span>\n\t\t\t\t<\/span>\n\n\t\t\t\t\n\t\t\t\t<span class=\"cue-track-length cue-track-cell\">14:47<\/span>\n\n\t\t\t\t\t\t\t<\/li>\n\t\t\t\t\t<li class=\"cue-track\" itemprop=\"track\" itemscope itemtype=\"http:\/\/schema.org\/MusicRecording\">\n\t\t\t\t\n\t\t\t\t<span class=\"cue-track-details cue-track-cell\">\n\t\t\t\t\t<span class=\"cue-track-title\" itemprop=\"name\">007...La premi\u00e8re phase l_effort sur la voie de la pr\u00e9dication<\/span>\n\t\t\t\t\t<span class=\"cue-track-artist\" itemprop=\"byArtist\"><\/span>\n\t\t\t\t<\/span>\n\n\t\t\t\t\n\t\t\t\t<span class=\"cue-track-length cue-track-cell\">7:19<\/span>\n\n\t\t\t\t\t\t\t<\/li>\n\t\t\t\t\t<li class=\"cue-track\" itemprop=\"track\" itemscope itemtype=\"http:\/\/schema.org\/MusicRecording\">\n\t\t\t\t\n\t\t\t\t<span class=\"cue-track-details cue-track-cell\">\n\t\t\t\t\t<span class=\"cue-track-title\" itemprop=\"name\">008...La seconde phase la pr\u00e9dication ouverte<\/span>\n\t\t\t\t\t<span class=\"cue-track-artist\" itemprop=\"byArtist\"><\/span>\n\t\t\t\t<\/span>\n\n\t\t\t\t\n\t\t\t\t<span class=\"cue-track-length cue-track-cell\">22:55<\/span>\n\n\t\t\t\t\t\t\t<\/li>\n\t\t\t\t\t<li class=\"cue-track\" itemprop=\"track\" itemscope itemtype=\"http:\/\/schema.org\/MusicRecording\">\n\t\t\t\t\n\t\t\t\t<span class=\"cue-track-details cue-track-cell\">\n\t\t\t\t\t<span class=\"cue-track-title\" itemprop=\"name\">009...Les pers\u00e9cutions<\/span>\n\t\t\t\t\t<span class=\"cue-track-artist\" itemprop=\"byArtist\"><\/span>\n\t\t\t\t<\/span>\n\n\t\t\t\t\n\t\t\t\t<span class=\"cue-track-length cue-track-cell\">17:58<\/span>\n\n\t\t\t\t\t\t\t<\/li>\n\t\t\t\t\t<li class=\"cue-track\" itemprop=\"track\" itemscope itemtype=\"http:\/\/schema.org\/MusicRecording\">\n\t\t\t\t\n\t\t\t\t<span class=\"cue-track-details cue-track-cell\">\n\t\t\t\t\t<span class=\"cue-track-title\" itemprop=\"name\">010...La premi\u00e8re \u00e9migration vers l_Abyssinie<\/span>\n\t\t\t\t\t<span class=\"cue-track-artist\" itemprop=\"byArtist\"><\/span>\n\t\t\t\t<\/span>\n\n\t\t\t\t\n\t\t\t\t<span class=\"cue-track-length cue-track-cell\">16:39<\/span>\n\n\t\t\t\t\t\t\t<\/li>\n\t\t\t\t\t<li class=\"cue-track\" itemprop=\"track\" itemscope itemtype=\"http:\/\/schema.org\/MusicRecording\">\n\t\t\t\t\n\t\t\t\t<span class=\"cue-track-details cue-track-cell\">\n\t\t\t\t\t<span class=\"cue-track-title\" itemprop=\"name\">011...Les quraychites tentent de nouveau d_intervenir aupr\u00e8s d_Ab\u00fb T\u00e2lib<\/span>\n\t\t\t\t\t<span class=\"cue-track-artist\" itemprop=\"byArtist\"><\/span>\n\t\t\t\t<\/span>\n\n\t\t\t\t\n\t\t\t\t<span class=\"cue-track-length cue-track-cell\">7:58<\/span>\n\n\t\t\t\t\t\t\t<\/li>\n\t\t\t\t\t<li class=\"cue-track\" itemprop=\"track\" itemscope itemtype=\"http:\/\/schema.org\/MusicRecording\">\n\t\t\t\t\n\t\t\t\t<span class=\"cue-track-details cue-track-cell\">\n\t\t\t\t\t<span class=\"cue-track-title\" itemprop=\"name\">012...La conversion de Hamza fils de _Abdul-muttalib<\/span>\n\t\t\t\t\t<span class=\"cue-track-artist\" itemprop=\"byArtist\"><\/span>\n\t\t\t\t<\/span>\n\n\t\t\t\t\n\t\t\t\t<span class=\"cue-track-length cue-track-cell\">1:49<\/span>\n\n\t\t\t\t\t\t\t<\/li>\n\t\t\t\t\t<li class=\"cue-track\" itemprop=\"track\" itemscope itemtype=\"http:\/\/schema.org\/MusicRecording\">\n\t\t\t\t\n\t\t\t\t<span class=\"cue-track-details cue-track-cell\">\n\t\t\t\t\t<span class=\"cue-track-title\" itemprop=\"name\">013...La conversion de _Umar fils d_Al-Khatt\u00e2b<\/span>\n\t\t\t\t\t<span class=\"cue-track-artist\" itemprop=\"byArtist\"><\/span>\n\t\t\t\t<\/span>\n\n\t\t\t\t\n\t\t\t\t<span class=\"cue-track-length cue-track-cell\">12:18<\/span>\n\n\t\t\t\t\t\t\t<\/li>\n\t\t\t\t\t<li class=\"cue-track\" itemprop=\"track\" itemscope itemtype=\"http:\/\/schema.org\/MusicRecording\">\n\t\t\t\t\n\t\t\t\t<span class=\"cue-track-details cue-track-cell\">\n\t\t\t\t\t<span class=\"cue-track-title\" itemprop=\"name\">014...Le repr\u00e9sentant de Quraych n\u00e9gocie avec le Messager de Dieu<\/span>\n\t\t\t\t\t<span class=\"cue-track-artist\" itemprop=\"byArtist\"><\/span>\n\t\t\t\t<\/span>\n\n\t\t\t\t\n\t\t\t\t<span class=\"cue-track-length cue-track-cell\">6:39<\/span>\n\n\t\t\t\t\t\t\t<\/li>\n\t\t\t\t\t<li class=\"cue-track\" itemprop=\"track\" itemscope itemtype=\"http:\/\/schema.org\/MusicRecording\">\n\t\t\t\t\n\t\t\t\t<span class=\"cue-track-details cue-track-cell\">\n\t\t\t\t\t<span class=\"cue-track-title\" itemprop=\"name\">015...Ab\u00fb T\u00e2lib rassemble les B\u00e9ni H\u00e2chim et les b\u00e9ni _Abdul-muttalib<\/span>\n\t\t\t\t\t<span class=\"cue-track-artist\" itemprop=\"byArtist\"><\/span>\n\t\t\t\t<\/span>\n\n\t\t\t\t\n\t\t\t\t<span class=\"cue-track-length cue-track-cell\">1:43<\/span>\n\n\t\t\t\t\t\t\t<\/li>\n\t\t\t\t\t<li class=\"cue-track\" itemprop=\"track\" itemscope itemtype=\"http:\/\/schema.org\/MusicRecording\">\n\t\t\t\t\n\t\t\t\t<span class=\"cue-track-details cue-track-cell\">\n\t\t\t\t\t<span class=\"cue-track-title\" itemprop=\"name\">016...La mise en quarantaine g\u00e9n\u00e9rale<\/span>\n\t\t\t\t\t<span class=\"cue-track-artist\" itemprop=\"byArtist\"><\/span>\n\t\t\t\t<\/span>\n\n\t\t\t\t\n\t\t\t\t<span class=\"cue-track-length cue-track-cell\">7:29<\/span>\n\n\t\t\t\t\t\t\t<\/li>\n\t\t\t\t\t<li class=\"cue-track\" itemprop=\"track\" itemscope itemtype=\"http:\/\/schema.org\/MusicRecording\">\n\t\t\t\t\n\t\t\t\t<span class=\"cue-track-details cue-track-cell\">\n\t\t\t\t\t<span class=\"cue-track-title\" itemprop=\"name\">017...Les Quraychites se rendent une derni\u00e8re fois aupr\u00e8s d_Ab\u00fb T\u00e2lib<\/span>\n\t\t\t\t\t<span class=\"cue-track-artist\" itemprop=\"byArtist\"><\/span>\n\t\t\t\t<\/span>\n\n\t\t\t\t\n\t\t\t\t<span class=\"cue-track-length cue-track-cell\">7:06<\/span>\n\n\t\t\t\t\t\t\t<\/li>\n\t\t\t\t\t<li class=\"cue-track\" itemprop=\"track\" itemscope itemtype=\"http:\/\/schema.org\/MusicRecording\">\n\t\t\t\t\n\t\t\t\t<span class=\"cue-track-details cue-track-cell\">\n\t\t\t\t\t<span class=\"cue-track-title\" itemprop=\"name\">018...L_ann\u00e9e du chagrin la mort d_Ab\u00fb T\u00e2lib<\/span>\n\t\t\t\t\t<span class=\"cue-track-artist\" itemprop=\"byArtist\"><\/span>\n\t\t\t\t<\/span>\n\n\t\t\t\t\n\t\t\t\t<span class=\"cue-track-length cue-track-cell\">3:27<\/span>\n\n\t\t\t\t\t\t\t<\/li>\n\t\t\t\t\t<li class=\"cue-track\" itemprop=\"track\" itemscope itemtype=\"http:\/\/schema.org\/MusicRecording\">\n\t\t\t\t\n\t\t\t\t<span class=\"cue-track-details cue-track-cell\">\n\t\t\t\t\t<span class=\"cue-track-title\" itemprop=\"name\">019...Khad\u00eeja retourne aupr\u00e8s de Dieu<\/span>\n\t\t\t\t\t<span class=\"cue-track-artist\" itemprop=\"byArtist\"><\/span>\n\t\t\t\t<\/span>\n\n\t\t\t\t\n\t\t\t\t<span class=\"cue-track-length cue-track-cell\">3:24<\/span>\n\n\t\t\t\t\t\t\t<\/li>\n\t\t\t\t\t<li class=\"cue-track\" itemprop=\"track\" itemscope itemtype=\"http:\/\/schema.org\/MusicRecording\">\n\t\t\t\t\n\t\t\t\t<span class=\"cue-track-details cue-track-cell\">\n\t\t\t\t\t<span class=\"cue-track-title\" itemprop=\"name\">020...Le mariage du proph\u00e8te avec Sawda<\/span>\n\t\t\t\t\t<span class=\"cue-track-artist\" itemprop=\"byArtist\"><\/span>\n\t\t\t\t<\/span>\n\n\t\t\t\t\n\t\t\t\t<span class=\"cue-track-length cue-track-cell\">1:00<\/span>\n\n\t\t\t\t\t\t\t<\/li>\n\t\t\t\t\t<li class=\"cue-track\" itemprop=\"track\" itemscope itemtype=\"http:\/\/schema.org\/MusicRecording\">\n\t\t\t\t\n\t\t\t\t<span class=\"cue-track-details cue-track-cell\">\n\t\t\t\t\t<span class=\"cue-track-title\" itemprop=\"name\">021...Patience et pers\u00e9v\u00e9rance<\/span>\n\t\t\t\t\t<span class=\"cue-track-artist\" itemprop=\"byArtist\"><\/span>\n\t\t\t\t<\/span>\n\n\t\t\t\t\n\t\t\t\t<span class=\"cue-track-length cue-track-cell\">19:58<\/span>\n\n\t\t\t\t\t\t\t<\/li>\n\t\t\t\t\t<li class=\"cue-track\" itemprop=\"track\" itemscope itemtype=\"http:\/\/schema.org\/MusicRecording\">\n\t\t\t\t\n\t\t\t\t<span class=\"cue-track-details cue-track-cell\">\n\t\t\t\t\t<span class=\"cue-track-title\" itemprop=\"name\">022...la troisi\u00e8me phase pr\u00eacher l_Islam en dehors de la Mecque<\/span>\n\t\t\t\t\t<span class=\"cue-track-artist\" itemprop=\"byArtist\"><\/span>\n\t\t\t\t<\/span>\n\n\t\t\t\t\n\t\t\t\t<span class=\"cue-track-length cue-track-cell\">26:38<\/span>\n\n\t\t\t\t\t\t\t<\/li>\n\t\t\t\t\t<li class=\"cue-track\" itemprop=\"track\" itemscope itemtype=\"http:\/\/schema.org\/MusicRecording\">\n\t\t\t\t\n\t\t\t\t<span class=\"cue-track-details cue-track-cell\">\n\t\t\t\t\t<span class=\"cue-track-title\" itemprop=\"name\">023...Le voyage nocturne et l_ascension<\/span>\n\t\t\t\t\t<span class=\"cue-track-artist\" itemprop=\"byArtist\"><\/span>\n\t\t\t\t<\/span>\n\n\t\t\t\t\n\t\t\t\t<span class=\"cue-track-length cue-track-cell\">16:10<\/span>\n\n\t\t\t\t\t\t\t<\/li>\n\t\t\t\t\t<li class=\"cue-track\" itemprop=\"track\" itemscope itemtype=\"http:\/\/schema.org\/MusicRecording\">\n\t\t\t\t\n\t\t\t\t<span class=\"cue-track-details cue-track-cell\">\n\t\t\t\t\t<span class=\"cue-track-title\" itemprop=\"name\">024...Le premier serment d_Al-_Aqaba<\/span>\n\t\t\t\t\t<span class=\"cue-track-artist\" itemprop=\"byArtist\"><\/span>\n\t\t\t\t<\/span>\n\n\t\t\t\t\n\t\t\t\t<span class=\"cue-track-length cue-track-cell\">6:34<\/span>\n\n\t\t\t\t\t\t\t<\/li>\n\t\t\t\t\t<li class=\"cue-track\" itemprop=\"track\" itemscope itemtype=\"http:\/\/schema.org\/MusicRecording\">\n\t\t\t\t\n\t\t\t\t<span class=\"cue-track-details cue-track-cell\">\n\t\t\t\t\t<span class=\"cue-track-title\" itemprop=\"name\">025...Le second serment d_Al-_Aqaba<\/span>\n\t\t\t\t\t<span class=\"cue-track-artist\" itemprop=\"byArtist\"><\/span>\n\t\t\t\t<\/span>\n\n\t\t\t\t\n\t\t\t\t<span class=\"cue-track-length cue-track-cell\">12:26<\/span>\n\n\t\t\t\t\t\t\t<\/li>\n\t\t\t\t\t<li class=\"cue-track\" itemprop=\"track\" itemscope itemtype=\"http:\/\/schema.org\/MusicRecording\">\n\t\t\t\t\n\t\t\t\t<span class=\"cue-track-details cue-track-cell\">\n\t\t\t\t\t<span class=\"cue-track-title\" itemprop=\"name\">026...Les premi\u00e8res \u00e9migrations<\/span>\n\t\t\t\t\t<span class=\"cue-track-artist\" itemprop=\"byArtist\"><\/span>\n\t\t\t\t<\/span>\n\n\t\t\t\t\n\t\t\t\t<span class=\"cue-track-length cue-track-cell\">5:36<\/span>\n\n\t\t\t\t\t\t\t<\/li>\n\t\t\t\t\t<li class=\"cue-track\" itemprop=\"track\" itemscope itemtype=\"http:\/\/schema.org\/MusicRecording\">\n\t\t\t\t\n\t\t\t\t<span class=\"cue-track-details cue-track-cell\">\n\t\t\t\t\t<span class=\"cue-track-title\" itemprop=\"name\">027...D\u00e2r An-Nadwa Le parlement de Quraych<\/span>\n\t\t\t\t\t<span class=\"cue-track-artist\" itemprop=\"byArtist\"><\/span>\n\t\t\t\t<\/span>\n\n\t\t\t\t\n\t\t\t\t<span class=\"cue-track-length cue-track-cell\">4:23<\/span>\n\n\t\t\t\t\t\t\t<\/li>\n\t\t\t\t\t<li class=\"cue-track\" itemprop=\"track\" itemscope itemtype=\"http:\/\/schema.org\/MusicRecording\">\n\t\t\t\t\n\t\t\t\t<span class=\"cue-track-details cue-track-cell\">\n\t\t\t\t\t<span class=\"cue-track-title\" itemprop=\"name\">028...Le d\u00e9part du proph\u00e8te pour M\u00e9dine<\/span>\n\t\t\t\t\t<span class=\"cue-track-artist\" itemprop=\"byArtist\"><\/span>\n\t\t\t\t<\/span>\n\n\t\t\t\t\n\t\t\t\t<span class=\"cue-track-length cue-track-cell\">23:19<\/span>\n\n\t\t\t\t\t\t\t<\/li>\n\t\t\t\t\t<li class=\"cue-track\" itemprop=\"track\" itemscope itemtype=\"http:\/\/schema.org\/MusicRecording\">\n\t\t\t\t\n\t\t\t\t<span class=\"cue-track-details cue-track-cell\">\n\t\t\t\t\t<span class=\"cue-track-title\" itemprop=\"name\">029...La premi\u00e8re phase la situation \u00e0 M\u00e9dine au moment de l_\u00e9migration<\/span>\n\t\t\t\t\t<span class=\"cue-track-artist\" itemprop=\"byArtist\"><\/span>\n\t\t\t\t<\/span>\n\n\t\t\t\t\n\t\t\t\t<span class=\"cue-track-length cue-track-cell\">15:05<\/span>\n\n\t\t\t\t\t\t\t<\/li>\n\t\t\t\t\t<li class=\"cue-track\" itemprop=\"track\" itemscope itemtype=\"http:\/\/schema.org\/MusicRecording\">\n\t\t\t\t\n\t\t\t\t<span class=\"cue-track-details cue-track-cell\">\n\t\t\t\t\t<span class=\"cue-track-title\" itemprop=\"name\">030...L_\u00e9tablissement d_une soci\u00e9t\u00e9 nouvelle<\/span>\n\t\t\t\t\t<span class=\"cue-track-artist\" itemprop=\"byArtist\"><\/span>\n\t\t\t\t<\/span>\n\n\t\t\t\t\n\t\t\t\t<span class=\"cue-track-length cue-track-cell\">19:46<\/span>\n\n\t\t\t\t\t\t\t<\/li>\n\t\t\t\t\t<li class=\"cue-track\" itemprop=\"track\" itemscope itemtype=\"http:\/\/schema.org\/MusicRecording\">\n\t\t\t\t\n\t\t\t\t<span class=\"cue-track-details cue-track-cell\">\n\t\t\t\t\t<span class=\"cue-track-title\" itemprop=\"name\">031...Le proph\u00e8te sur le champ de bataille<\/span>\n\t\t\t\t\t<span class=\"cue-track-artist\" itemprop=\"byArtist\"><\/span>\n\t\t\t\t<\/span>\n\n\t\t\t\t\n\t\t\t\t<span class=\"cue-track-length cue-track-cell\">6:25<\/span>\n\n\t\t\t\t\t\t\t<\/li>\n\t\t\t\t\t<li class=\"cue-track\" itemprop=\"track\" itemscope itemtype=\"http:\/\/schema.org\/MusicRecording\">\n\t\t\t\t\n\t\t\t\t<span class=\"cue-track-details cue-track-cell\">\n\t\t\t\t\t<span class=\"cue-track-title\" itemprop=\"name\">032...Les ghazwa et les sariyya pr\u00e9c\u00e9dant la bataille de Badr<\/span>\n\t\t\t\t\t<span class=\"cue-track-artist\" itemprop=\"byArtist\"><\/span>\n\t\t\t\t<\/span>\n\n\t\t\t\t\n\t\t\t\t<span class=\"cue-track-length cue-track-cell\">16:25<\/span>\n\n\t\t\t\t\t\t\t<\/li>\n\t\t\t\t\t<li class=\"cue-track\" itemprop=\"track\" itemscope itemtype=\"http:\/\/schema.org\/MusicRecording\">\n\t\t\t\t\n\t\t\t\t<span class=\"cue-track-details cue-track-cell\">\n\t\t\t\t\t<span class=\"cue-track-title\" itemprop=\"name\">033...L_exp\u00e9dition de Badr les causes<\/span>\n\t\t\t\t\t<span class=\"cue-track-artist\" itemprop=\"byArtist\"><\/span>\n\t\t\t\t<\/span>\n\n\t\t\t\t\n\t\t\t\t<span class=\"cue-track-length cue-track-cell\">12:34<\/span>\n\n\t\t\t\t\t\t\t<\/li>\n\t\t\t\t\t<li class=\"cue-track\" itemprop=\"track\" itemscope itemtype=\"http:\/\/schema.org\/MusicRecording\">\n\t\t\t\t\n\t\t\t\t<span class=\"cue-track-details cue-track-cell\">\n\t\t\t\t\t<span class=\"cue-track-title\" itemprop=\"name\">034...Badr le combat<\/span>\n\t\t\t\t\t<span class=\"cue-track-artist\" itemprop=\"byArtist\"><\/span>\n\t\t\t\t<\/span>\n\n\t\t\t\t\n\t\t\t\t<span class=\"cue-track-length cue-track-cell\">23:02<\/span>\n\n\t\t\t\t\t\t\t<\/li>\n\t\t\t\t\t<li class=\"cue-track\" itemprop=\"track\" itemscope itemtype=\"http:\/\/schema.org\/MusicRecording\">\n\t\t\t\t\n\t\t\t\t<span class=\"cue-track-details cue-track-cell\">\n\t\t\t\t\t<span class=\"cue-track-title\" itemprop=\"name\">035...La bataille de Badr ou les merveilles de la foi<\/span>\n\t\t\t\t\t<span class=\"cue-track-artist\" itemprop=\"byArtist\"><\/span>\n\t\t\t\t<\/span>\n\n\t\t\t\t\n\t\t\t\t<span class=\"cue-track-length cue-track-cell\">9:34<\/span>\n\n\t\t\t\t\t\t\t<\/li>\n\t\t\t\t\t<li class=\"cue-track\" itemprop=\"track\" itemscope itemtype=\"http:\/\/schema.org\/MusicRecording\">\n\t\t\t\t\n\t\t\t\t<span class=\"cue-track-details cue-track-cell\">\n\t\t\t\t\t<span class=\"cue-track-title\" itemprop=\"name\">036...La nouvelle de la victoire parvient \u00e0 M\u00e9dine<\/span>\n\t\t\t\t\t<span class=\"cue-track-artist\" itemprop=\"byArtist\"><\/span>\n\t\t\t\t<\/span>\n\n\t\t\t\t\n\t\t\t\t<span class=\"cue-track-length cue-track-cell\">13:37<\/span>\n\n\t\t\t\t\t\t\t<\/li>\n\t\t\t\t\t<li class=\"cue-track\" itemprop=\"track\" itemscope itemtype=\"http:\/\/schema.org\/MusicRecording\">\n\t\t\t\t\n\t\t\t\t<span class=\"cue-track-details cue-track-cell\">\n\t\t\t\t\t<span class=\"cue-track-title\" itemprop=\"name\">037...L_activit\u00e9 militaire entre les batailles de Badr et Uhud<\/span>\n\t\t\t\t\t<span class=\"cue-track-artist\" itemprop=\"byArtist\"><\/span>\n\t\t\t\t<\/span>\n\n\t\t\t\t\n\t\t\t\t<span class=\"cue-track-length cue-track-cell\">28:36<\/span>\n\n\t\t\t\t\t\t\t<\/li>\n\t\t\t\t\t<li class=\"cue-track\" itemprop=\"track\" itemscope itemtype=\"http:\/\/schema.org\/MusicRecording\">\n\t\t\t\t\n\t\t\t\t<span class=\"cue-track-details cue-track-cell\">\n\t\t\t\t\t<span class=\"cue-track-title\" itemprop=\"name\">038...La bataille d_Uhud<\/span>\n\t\t\t\t\t<span class=\"cue-track-artist\" itemprop=\"byArtist\"><\/span>\n\t\t\t\t<\/span>\n\n\t\t\t\t\n\t\t\t\t<span class=\"cue-track-length cue-track-cell\">29:01<\/span>\n\n\t\t\t\t\t\t\t<\/li>\n\t\t\t\t\t<li class=\"cue-track\" itemprop=\"track\" itemscope itemtype=\"http:\/\/schema.org\/MusicRecording\">\n\t\t\t\t\n\t\t\t\t<span class=\"cue-track-details cue-track-cell\">\n\t\t\t\t\t<span class=\"cue-track-title\" itemprop=\"name\">039...Le combat<\/span>\n\t\t\t\t\t<span class=\"cue-track-artist\" itemprop=\"byArtist\"><\/span>\n\t\t\t\t<\/span>\n\n\t\t\t\t\n\t\t\t\t<span class=\"cue-track-length cue-track-cell\">58:31<\/span>\n\n\t\t\t\t\t\t\t<\/li>\n\t\t\t\t\t<li class=\"cue-track\" itemprop=\"track\" itemscope itemtype=\"http:\/\/schema.org\/MusicRecording\">\n\t\t\t\t\n\t\t\t\t<span class=\"cue-track-details cue-track-cell\">\n\t\t\t\t\t<span class=\"cue-track-title\" itemprop=\"name\">040...Le retour \u00e0 M\u00e9dine<\/span>\n\t\t\t\t\t<span class=\"cue-track-artist\" itemprop=\"byArtist\"><\/span>\n\t\t\t\t<\/span>\n\n\t\t\t\t\n\t\t\t\t<span class=\"cue-track-length cue-track-cell\">4:04<\/span>\n\n\t\t\t\t\t\t\t<\/li>\n\t\t\t\t\t<li class=\"cue-track\" itemprop=\"track\" itemscope itemtype=\"http:\/\/schema.org\/MusicRecording\">\n\t\t\t\t\n\t\t\t\t<span class=\"cue-track-details cue-track-cell\">\n\t\t\t\t\t<span class=\"cue-track-title\" itemprop=\"name\">041...L_exp\u00e9dition de Hamr\u00e2_ Al-Asad et les le\u00e7ons \u00e0 tirer de la bataille d_Uhud<\/span>\n\t\t\t\t\t<span class=\"cue-track-artist\" itemprop=\"byArtist\"><\/span>\n\t\t\t\t<\/span>\n\n\t\t\t\t\n\t\t\t\t<span class=\"cue-track-length cue-track-cell\">16:01<\/span>\n\n\t\t\t\t\t\t\t<\/li>\n\t\t\t\t\t<li class=\"cue-track\" itemprop=\"track\" itemscope itemtype=\"http:\/\/schema.org\/MusicRecording\">\n\t\t\t\t\n\t\t\t\t<span class=\"cue-track-details cue-track-cell\">\n\t\t\t\t\t<span class=\"cue-track-title\" itemprop=\"name\">042...Les ghazwa et les sariyya entre la bataille d_Uhud et celle des coalis\u00e9s<\/span>\n\t\t\t\t\t<span class=\"cue-track-artist\" itemprop=\"byArtist\"><\/span>\n\t\t\t\t<\/span>\n\n\t\t\t\t\n\t\t\t\t<span class=\"cue-track-length cue-track-cell\">8:22<\/span>\n\n\t\t\t\t\t\t\t<\/li>\n\t\t\t\t\t<li class=\"cue-track\" itemprop=\"track\" itemscope itemtype=\"http:\/\/schema.org\/MusicRecording\">\n\t\t\t\t\n\t\t\t\t<span class=\"cue-track-details cue-track-cell\">\n\t\t\t\t\t<span class=\"cue-track-title\" itemprop=\"name\">043...Le drame du puits de Ma_\u00fbna et d_autres ghazwa<\/span>\n\t\t\t\t\t<span class=\"cue-track-artist\" itemprop=\"byArtist\"><\/span>\n\t\t\t\t<\/span>\n\n\t\t\t\t\n\t\t\t\t<span class=\"cue-track-length cue-track-cell\">20:46<\/span>\n\n\t\t\t\t\t\t\t<\/li>\n\t\t\t\t\t<li class=\"cue-track\" itemprop=\"track\" itemscope itemtype=\"http:\/\/schema.org\/MusicRecording\">\n\t\t\t\t\n\t\t\t\t<span class=\"cue-track-details cue-track-cell\">\n\t\t\t\t\t<span class=\"cue-track-title\" itemprop=\"name\">044...La bataille des coalis\u00e9s<\/span>\n\t\t\t\t\t<span class=\"cue-track-artist\" itemprop=\"byArtist\"><\/span>\n\t\t\t\t<\/span>\n\n\t\t\t\t\n\t\t\t\t<span class=\"cue-track-length cue-track-cell\">26:13<\/span>\n\n\t\t\t\t\t\t\t<\/li>\n\t\t\t\t\t<li class=\"cue-track\" itemprop=\"track\" itemscope itemtype=\"http:\/\/schema.org\/MusicRecording\">\n\t\t\t\t\n\t\t\t\t<span class=\"cue-track-details cue-track-cell\">\n\t\t\t\t\t<span class=\"cue-track-title\" itemprop=\"name\">045...L_exp\u00e9dition contre les B\u00e9ni Qurayza<\/span>\n\t\t\t\t\t<span class=\"cue-track-artist\" itemprop=\"byArtist\"><\/span>\n\t\t\t\t<\/span>\n\n\t\t\t\t\n\t\t\t\t<span class=\"cue-track-length cue-track-cell\">13:11<\/span>\n\n\t\t\t\t\t\t\t<\/li>\n\t\t\t\t\t<li class=\"cue-track\" itemprop=\"track\" itemscope itemtype=\"http:\/\/schema.org\/MusicRecording\">\n\t\t\t\t\n\t\t\t\t<span class=\"cue-track-details cue-track-cell\">\n\t\t\t\t\t<span class=\"cue-track-title\" itemprop=\"name\">046...Les actions militaires apr\u00e8s la bataille du foss\u00e9<\/span>\n\t\t\t\t\t<span class=\"cue-track-artist\" itemprop=\"byArtist\"><\/span>\n\t\t\t\t<\/span>\n\n\t\t\t\t\n\t\t\t\t<span class=\"cue-track-length cue-track-cell\">13:04<\/span>\n\n\t\t\t\t\t\t\t<\/li>\n\t\t\t\t\t<li class=\"cue-track\" itemprop=\"track\" itemscope itemtype=\"http:\/\/schema.org\/MusicRecording\">\n\t\t\t\t\n\t\t\t\t<span class=\"cue-track-details cue-track-cell\">\n\t\t\t\t\t<span class=\"cue-track-title\" itemprop=\"name\">047...L_exp\u00e9dition contre les B\u00e9ni Al-Mustaliq<\/span>\n\t\t\t\t\t<span class=\"cue-track-artist\" itemprop=\"byArtist\"><\/span>\n\t\t\t\t<\/span>\n\n\t\t\t\t\n\t\t\t\t<span class=\"cue-track-length cue-track-cell\">27:19<\/span>\n\n\t\t\t\t\t\t\t<\/li>\n\t\t\t\t\t<li class=\"cue-track\" itemprop=\"track\" itemscope itemtype=\"http:\/\/schema.org\/MusicRecording\">\n\t\t\t\t\n\t\t\t\t<span class=\"cue-track-details cue-track-cell\">\n\t\t\t\t\t<span class=\"cue-track-title\" itemprop=\"name\">048...Le trait\u00e9 d_Al-Hudaybiyya<\/span>\n\t\t\t\t\t<span class=\"cue-track-artist\" itemprop=\"byArtist\"><\/span>\n\t\t\t\t<\/span>\n\n\t\t\t\t\n\t\t\t\t<span class=\"cue-track-length cue-track-cell\">25:39<\/span>\n\n\t\t\t\t\t\t\t<\/li>\n\t\t\t\t\t<li class=\"cue-track\" itemprop=\"track\" itemscope itemtype=\"http:\/\/schema.org\/MusicRecording\">\n\t\t\t\t\n\t\t\t\t<span class=\"cue-track-details cue-track-cell\">\n\t\t\t\t\t<span class=\"cue-track-title\" itemprop=\"name\">049...Une nouvelle \u00e8re<\/span>\n\t\t\t\t\t<span class=\"cue-track-artist\" itemprop=\"byArtist\"><\/span>\n\t\t\t\t<\/span>\n\n\t\t\t\t\n\t\t\t\t<span class=\"cue-track-length cue-track-cell\">29:32<\/span>\n\n\t\t\t\t\t\t\t<\/li>\n\t\t\t\t\t<li class=\"cue-track\" itemprop=\"track\" itemscope itemtype=\"http:\/\/schema.org\/MusicRecording\">\n\t\t\t\t\n\t\t\t\t<span class=\"cue-track-details cue-track-cell\">\n\t\t\t\t\t<span class=\"cue-track-title\" itemprop=\"name\">050....L_activit\u00e9 militaire apr\u00e8s Al-Hudaybiyya<\/span>\n\t\t\t\t\t<span class=\"cue-track-artist\" itemprop=\"byArtist\"><\/span>\n\t\t\t\t<\/span>\n\n\t\t\t\t\n\t\t\t\t<span class=\"cue-track-length cue-track-cell\">32:29<\/span>\n\n\t\t\t\t\t\t\t<\/li>\n\t\t\t\t\t<li class=\"cue-track\" itemprop=\"track\" itemscope itemtype=\"http:\/\/schema.org\/MusicRecording\">\n\t\t\t\t\n\t\t\t\t<span class=\"cue-track-details cue-track-cell\">\n\t\t\t\t\t<span class=\"cue-track-title\" itemprop=\"name\">051...Des autres exp\u00e9ditions et d\u00e9tachements durant l_an 7 de l_H\u00e9gire<\/span>\n\t\t\t\t\t<span class=\"cue-track-artist\" itemprop=\"byArtist\"><\/span>\n\t\t\t\t<\/span>\n\n\t\t\t\t\n\t\t\t\t<span class=\"cue-track-length cue-track-cell\">7:05<\/span>\n\n\t\t\t\t\t\t\t<\/li>\n\t\t\t\t\t<li class=\"cue-track\" itemprop=\"track\" itemscope itemtype=\"http:\/\/schema.org\/MusicRecording\">\n\t\t\t\t\n\t\t\t\t<span class=\"cue-track-details cue-track-cell\">\n\t\t\t\t\t<span class=\"cue-track-title\" itemprop=\"name\">052...La _Umra de compensation<\/span>\n\t\t\t\t\t<span class=\"cue-track-artist\" itemprop=\"byArtist\"><\/span>\n\t\t\t\t<\/span>\n\n\t\t\t\t\n\t\t\t\t<span class=\"cue-track-length cue-track-cell\">5:10<\/span>\n\n\t\t\t\t\t\t\t<\/li>\n\t\t\t\t\t<li class=\"cue-track\" itemprop=\"track\" itemscope itemtype=\"http:\/\/schema.org\/MusicRecording\">\n\t\t\t\t\n\t\t\t\t<span class=\"cue-track-details cue-track-cell\">\n\t\t\t\t\t<span class=\"cue-track-title\" itemprop=\"name\">053...La bataille de Mu_ta suivie de 2 d\u00e9tachements<\/span>\n\t\t\t\t\t<span class=\"cue-track-artist\" itemprop=\"byArtist\"><\/span>\n\t\t\t\t<\/span>\n\n\t\t\t\t\n\t\t\t\t<span class=\"cue-track-length cue-track-cell\">12:17<\/span>\n\n\t\t\t\t\t\t\t<\/li>\n\t\t\t\t\t<li class=\"cue-track\" itemprop=\"track\" itemscope itemtype=\"http:\/\/schema.org\/MusicRecording\">\n\t\t\t\t\n\t\t\t\t<span class=\"cue-track-details cue-track-cell\">\n\t\t\t\t\t<span class=\"cue-track-title\" itemprop=\"name\">054...La conqu\u00eate de La Mecque<\/span>\n\t\t\t\t\t<span class=\"cue-track-artist\" itemprop=\"byArtist\"><\/span>\n\t\t\t\t<\/span>\n\n\t\t\t\t\n\t\t\t\t<span class=\"cue-track-length cue-track-cell\">31:46<\/span>\n\n\t\t\t\t\t\t\t<\/li>\n\t\t\t\t\t<li class=\"cue-track\" itemprop=\"track\" itemscope itemtype=\"http:\/\/schema.org\/MusicRecording\">\n\t\t\t\t\n\t\t\t\t<span class=\"cue-track-details cue-track-cell\">\n\t\t\t\t\t<span class=\"cue-track-title\" itemprop=\"name\">055...La troisi\u00e8me phase<\/span>\n\t\t\t\t\t<span class=\"cue-track-artist\" itemprop=\"byArtist\"><\/span>\n\t\t\t\t<\/span>\n\n\t\t\t\t\n\t\t\t\t<span class=\"cue-track-length cue-track-cell\">32:03<\/span>\n\n\t\t\t\t\t\t\t<\/li>\n\t\t\t\t\t<li class=\"cue-track\" itemprop=\"track\" itemscope itemtype=\"http:\/\/schema.org\/MusicRecording\">\n\t\t\t\t\n\t\t\t\t<span class=\"cue-track-details cue-track-cell\">\n\t\t\t\t\t<span class=\"cue-track-title\" itemprop=\"name\">056...L_exp\u00e9dition de Tab\u00fbk<\/span>\n\t\t\t\t\t<span class=\"cue-track-artist\" itemprop=\"byArtist\"><\/span>\n\t\t\t\t<\/span>\n\n\t\t\t\t\n\t\t\t\t<span class=\"cue-track-length cue-track-cell\">25:19<\/span>\n\n\t\t\t\t\t\t\t<\/li>\n\t\t\t\t\t<li class=\"cue-track\" itemprop=\"track\" itemscope itemtype=\"http:\/\/schema.org\/MusicRecording\">\n\t\t\t\t\n\t\t\t\t<span class=\"cue-track-details cue-track-cell\">\n\t\t\t\t\t<span class=\"cue-track-title\" itemprop=\"name\">057...Abu Bakr conduit les p\u00e8lerins \u00e0 La Mecque<\/span>\n\t\t\t\t\t<span class=\"cue-track-artist\" itemprop=\"byArtist\"><\/span>\n\t\t\t\t<\/span>\n\n\t\t\t\t\n\t\t\t\t<span class=\"cue-track-length cue-track-cell\">2:14<\/span>\n\n\t\t\t\t\t\t\t<\/li>\n\t\t\t\t\t<li class=\"cue-track\" itemprop=\"track\" itemscope itemtype=\"http:\/\/schema.org\/MusicRecording\">\n\t\t\t\t\n\t\t\t\t<span class=\"cue-track-details cue-track-cell\">\n\t\t\t\t\t<span class=\"cue-track-title\" itemprop=\"name\">058...Les gens adh\u00e8rent \u00e0 la religion de Dieupar vagues successives, les d\u00e9l\u00e9gations<\/span>\n\t\t\t\t\t<span class=\"cue-track-artist\" itemprop=\"byArtist\"><\/span>\n\t\t\t\t<\/span>\n\n\t\t\t\t\n\t\t\t\t<span class=\"cue-track-length cue-track-cell\">5:42<\/span>\n\n\t\t\t\t\t\t\t<\/li>\n\t\t\t\t\t<li class=\"cue-track\" itemprop=\"track\" itemscope itemtype=\"http:\/\/schema.org\/MusicRecording\">\n\t\t\t\t\n\t\t\t\t<span class=\"cue-track-details cue-track-cell\">\n\t\t\t\t\t<span class=\"cue-track-title\" itemprop=\"name\">059...Le p\u00e8lerinage d_adieu<\/span>\n\t\t\t\t\t<span class=\"cue-track-artist\" itemprop=\"byArtist\"><\/span>\n\t\t\t\t<\/span>\n\n\t\t\t\t\n\t\t\t\t<span class=\"cue-track-length cue-track-cell\">13:59<\/span>\n\n\t\t\t\t\t\t\t<\/li>\n\t\t\t\t\t<li class=\"cue-track\" itemprop=\"track\" itemscope itemtype=\"http:\/\/schema.org\/MusicRecording\">\n\t\t\t\t\n\t\t\t\t<span class=\"cue-track-details cue-track-cell\">\n\t\t\t\t\t<span class=\"cue-track-title\" itemprop=\"name\">060...Les derni\u00e8res exp\u00e9ditions<\/span>\n\t\t\t\t\t<span class=\"cue-track-artist\" itemprop=\"byArtist\"><\/span>\n\t\t\t\t<\/span>\n\n\t\t\t\t\n\t\t\t\t<span class=\"cue-track-length cue-track-cell\">1:50<\/span>\n\n\t\t\t\t\t\t\t<\/li>\n\t\t\t\t\t<li class=\"cue-track\" itemprop=\"track\" itemscope itemtype=\"http:\/\/schema.org\/MusicRecording\">\n\t\t\t\t\n\t\t\t\t<span class=\"cue-track-details cue-track-cell\">\n\t\t\t\t\t<span class=\"cue-track-title\" itemprop=\"name\">061...Vers la compagnie supr\u00eame<\/span>\n\t\t\t\t\t<span class=\"cue-track-artist\" itemprop=\"byArtist\"><\/span>\n\t\t\t\t<\/span>\n\n\t\t\t\t\n\t\t\t\t<span class=\"cue-track-length cue-track-cell\">20:27<\/span>\n\n\t\t\t\t\t\t\t<\/li>\n\t\t\t\t\t<li class=\"cue-track\" itemprop=\"track\" itemscope itemtype=\"http:\/\/schema.org\/MusicRecording\">\n\t\t\t\t\n\t\t\t\t<span class=\"cue-track-details cue-track-cell\">\n\t\t\t\t\t<span class=\"cue-track-title\" itemprop=\"name\">062...La maisonn\u00e9e du Proph\u00e8te<\/span>\n\t\t\t\t\t<span class=\"cue-track-artist\" itemprop=\"byArtist\"><\/span>\n\t\t\t\t<\/span>\n\n\t\t\t\t\n\t\t\t\t<span class=\"cue-track-length cue-track-cell\">20:05<\/span>\n\n\t\t\t\t\t\t\t<\/li>\n\t\t\t\t\t<li class=\"cue-track\" itemprop=\"track\" itemscope itemtype=\"http:\/\/schema.org\/MusicRecording\">\n\t\t\t\t\n\t\t\t\t<span class=\"cue-track-details cue-track-cell\">\n\t\t\t\t\t<span class=\"cue-track-title\" itemprop=\"name\">063...Les qualit\u00e9s et caract\u00e8res du Proph\u00e8te<\/span>\n\t\t\t\t\t<span class=\"cue-track-artist\" itemprop=\"byArtist\"><\/span>\n\t\t\t\t<\/span>\n\n\t\t\t\t\n\t\t\t\t<span class=\"cue-track-length cue-track-cell\">24:00<\/span>\n\n\t\t\t\t\t\t\t<\/li>\n\t\t\t<\/ol>\n\n\t<\/div>\n\t\t<script type=\"application\/json\" class=\"cue-playlist-data\">{\"embed_link\":\"https:\\\/\\\/tidjaniya.com\\\/fr\\\/?cue_embed=mohammed-lultime-joyau-de-la-prophetie-priere-et-paix-sur-lui&cue_theme=default\",\"permalink\":\"https:\\\/\\\/tidjaniya.com\\\/fr\\\/?cue_playlist=mohammed-lultime-joyau-de-la-prophetie-priere-et-paix-sur-lui\",\"skin\":\"cue-skin-default\",\"thumbnail\":\"https:\\\/\\\/tidjaniya.com\\\/fr\\\/wp-content\\\/uploads\\\/2021\\\/01\\\/cd-mp3-muhammad-lultime-joyau-de-la-prophetie-islam-audio.jpg\",\"tracks\":[{\"artist\":\"\",\"artworkId\":0,\"artworkUrl\":\"\",\"audioId\":3533,\"audioUrl\":\"https:\\\/\\\/tidjaniya.com\\\/fr\\\/wp-content\\\/uploads\\\/2021\\\/04\\\/001...Repartition-geographique-et-caracteristiques-des-tribus-arabes.mp3\",\"format\":\"mp3\",\"length\":\"21:41\",\"title\":\"001...R\\u00e9partition g\\u00e9ographique et caract\\u00e9ristiques des tribus arabes\",\"order\":0,\"mp3\":\"https:\\\/\\\/tidjaniya.com\\\/fr\\\/wp-content\\\/uploads\\\/2021\\\/04\\\/001...Repartition-geographique-et-caracteristiques-des-tribus-arabes.mp3\",\"meta\":{\"artist\":\"\",\"length_formatted\":\"21:41\"},\"src\":\"https:\\\/\\\/tidjaniya.com\\\/fr\\\/wp-content\\\/uploads\\\/2021\\\/04\\\/001...Repartition-geographique-et-caracteristiques-des-tribus-arabes.mp3\",\"thumb\":{\"src\":\"\"}},{\"artist\":\"\",\"artworkId\":0,\"artworkUrl\":\"\",\"audioId\":3534,\"audioUrl\":\"https:\\\/\\\/tidjaniya.com\\\/fr\\\/wp-content\\\/uploads\\\/2021\\\/04\\\/002...Les-religions-des-Arabes.mp3\",\"format\":\"mp3\",\"length\":\"17:13\",\"title\":\"002...Les religions des Arabes\",\"order\":1,\"mp3\":\"https:\\\/\\\/tidjaniya.com\\\/fr\\\/wp-content\\\/uploads\\\/2021\\\/04\\\/002...Les-religions-des-Arabes.mp3\",\"meta\":{\"artist\":\"\",\"length_formatted\":\"17:13\"},\"src\":\"https:\\\/\\\/tidjaniya.com\\\/fr\\\/wp-content\\\/uploads\\\/2021\\\/04\\\/002...Les-religions-des-Arabes.mp3\",\"thumb\":{\"src\":\"\"}},{\"artist\":\"\",\"artworkId\":0,\"artworkUrl\":\"\",\"audioId\":3535,\"audioUrl\":\"https:\\\/\\\/tidjaniya.com\\\/fr\\\/wp-content\\\/uploads\\\/2021\\\/04\\\/003...Aspects-de-la-societe-arabe-preislamique.mp3\",\"format\":\"mp3\",\"length\":\"11:24\",\"title\":\"003...Aspects de la soci\\u00e9t\\u00e9 arabe pr\\u00e9islamique\",\"order\":2,\"mp3\":\"https:\\\/\\\/tidjaniya.com\\\/fr\\\/wp-content\\\/uploads\\\/2021\\\/04\\\/003...Aspects-de-la-societe-arabe-preislamique.mp3\",\"meta\":{\"artist\":\"\",\"length_formatted\":\"11:24\"},\"src\":\"https:\\\/\\\/tidjaniya.com\\\/fr\\\/wp-content\\\/uploads\\\/2021\\\/04\\\/003...Aspects-de-la-societe-arabe-preislamique.mp3\",\"thumb\":{\"src\":\"\"}},{\"artist\":\"\",\"artworkId\":0,\"artworkUrl\":\"\",\"audioId\":3536,\"audioUrl\":\"https:\\\/\\\/tidjaniya.com\\\/fr\\\/wp-content\\\/uploads\\\/2021\\\/04\\\/004...La-genealogie-et-la-famille-du-Prophete.mp3\",\"format\":\"mp3\",\"length\":\"13:42\",\"title\":\"004...La g\\u00e9n\\u00e9alogie et la famille du Proph\\u00e8te\",\"order\":3,\"mp3\":\"https:\\\/\\\/tidjaniya.com\\\/fr\\\/wp-content\\\/uploads\\\/2021\\\/04\\\/004...La-genealogie-et-la-famille-du-Prophete.mp3\",\"meta\":{\"artist\":\"\",\"length_formatted\":\"13:42\"},\"src\":\"https:\\\/\\\/tidjaniya.com\\\/fr\\\/wp-content\\\/uploads\\\/2021\\\/04\\\/004...La-genealogie-et-la-famille-du-Prophete.mp3\",\"thumb\":{\"src\":\"\"}},{\"artist\":\"\",\"artworkId\":0,\"artworkUrl\":\"\",\"audioId\":3537,\"audioUrl\":\"https:\\\/\\\/tidjaniya.com\\\/fr\\\/wp-content\\\/uploads\\\/2021\\\/04\\\/005...Muhammad-de-la-naissance-a-la-prophetie.mp3\",\"format\":\"mp3\",\"length\":\"26:50\",\"title\":\"005...Muhammad de la naissance \\u00e0 la proph\\u00e9tie\",\"order\":4,\"mp3\":\"https:\\\/\\\/tidjaniya.com\\\/fr\\\/wp-content\\\/uploads\\\/2021\\\/04\\\/005...Muhammad-de-la-naissance-a-la-prophetie.mp3\",\"meta\":{\"artist\":\"\",\"length_formatted\":\"26:50\"},\"src\":\"https:\\\/\\\/tidjaniya.com\\\/fr\\\/wp-content\\\/uploads\\\/2021\\\/04\\\/005...Muhammad-de-la-naissance-a-la-prophetie.mp3\",\"thumb\":{\"src\":\"\"}},{\"artist\":\"\",\"artworkId\":0,\"artworkUrl\":\"\",\"audioId\":3538,\"audioUrl\":\"https:\\\/\\\/tidjaniya.com\\\/fr\\\/wp-content\\\/uploads\\\/2021\\\/04\\\/006...La-premiere-revelation.mp3\",\"format\":\"mp3\",\"length\":\"14:47\",\"title\":\"006...La premi\\u00e8re r\\u00e9v\\u00e9lation\",\"order\":5,\"mp3\":\"https:\\\/\\\/tidjaniya.com\\\/fr\\\/wp-content\\\/uploads\\\/2021\\\/04\\\/006...La-premiere-revelation.mp3\",\"meta\":{\"artist\":\"\",\"length_formatted\":\"14:47\"},\"src\":\"https:\\\/\\\/tidjaniya.com\\\/fr\\\/wp-content\\\/uploads\\\/2021\\\/04\\\/006...La-premiere-revelation.mp3\",\"thumb\":{\"src\":\"\"}},{\"artist\":\"\",\"artworkId\":0,\"artworkUrl\":\"\",\"audioId\":3539,\"audioUrl\":\"https:\\\/\\\/tidjaniya.com\\\/fr\\\/wp-content\\\/uploads\\\/2021\\\/04\\\/007...La-premiere-phase-l_effort-sur-la-voie-de-la-predication.mp3\",\"format\":\"mp3\",\"length\":\"7:19\",\"title\":\"007...La premi\\u00e8re phase l_effort sur la voie de la pr\\u00e9dication\",\"order\":6,\"mp3\":\"https:\\\/\\\/tidjaniya.com\\\/fr\\\/wp-content\\\/uploads\\\/2021\\\/04\\\/007...La-premiere-phase-l_effort-sur-la-voie-de-la-predication.mp3\",\"meta\":{\"artist\":\"\",\"length_formatted\":\"7:19\"},\"src\":\"https:\\\/\\\/tidjaniya.com\\\/fr\\\/wp-content\\\/uploads\\\/2021\\\/04\\\/007...La-premiere-phase-l_effort-sur-la-voie-de-la-predication.mp3\",\"thumb\":{\"src\":\"\"}},{\"artist\":\"\",\"artworkId\":0,\"artworkUrl\":\"\",\"audioId\":3540,\"audioUrl\":\"https:\\\/\\\/tidjaniya.com\\\/fr\\\/wp-content\\\/uploads\\\/2021\\\/04\\\/008...La-seconde-phase-la-predication-ouverte.mp3\",\"format\":\"mp3\",\"length\":\"22:55\",\"title\":\"008...La seconde phase la pr\\u00e9dication ouverte\",\"order\":7,\"mp3\":\"https:\\\/\\\/tidjaniya.com\\\/fr\\\/wp-content\\\/uploads\\\/2021\\\/04\\\/008...La-seconde-phase-la-predication-ouverte.mp3\",\"meta\":{\"artist\":\"\",\"length_formatted\":\"22:55\"},\"src\":\"https:\\\/\\\/tidjaniya.com\\\/fr\\\/wp-content\\\/uploads\\\/2021\\\/04\\\/008...La-seconde-phase-la-predication-ouverte.mp3\",\"thumb\":{\"src\":\"\"}},{\"artist\":\"\",\"artworkId\":0,\"artworkUrl\":\"\",\"audioId\":3541,\"audioUrl\":\"https:\\\/\\\/tidjaniya.com\\\/fr\\\/wp-content\\\/uploads\\\/2021\\\/04\\\/009...Les-persecutions.mp3\",\"format\":\"mp3\",\"length\":\"17:58\",\"title\":\"009...Les pers\\u00e9cutions\",\"order\":8,\"mp3\":\"https:\\\/\\\/tidjaniya.com\\\/fr\\\/wp-content\\\/uploads\\\/2021\\\/04\\\/009...Les-persecutions.mp3\",\"meta\":{\"artist\":\"\",\"length_formatted\":\"17:58\"},\"src\":\"https:\\\/\\\/tidjaniya.com\\\/fr\\\/wp-content\\\/uploads\\\/2021\\\/04\\\/009...Les-persecutions.mp3\",\"thumb\":{\"src\":\"\"}},{\"artist\":\"\",\"artworkId\":0,\"artworkUrl\":\"\",\"audioId\":3542,\"audioUrl\":\"https:\\\/\\\/tidjaniya.com\\\/fr\\\/wp-content\\\/uploads\\\/2021\\\/04\\\/010...La-premiere-emigration-vers-l_Abyssinie.mp3\",\"format\":\"mp3\",\"length\":\"16:39\",\"title\":\"010...La premi\\u00e8re \\u00e9migration vers l_Abyssinie\",\"order\":9,\"mp3\":\"https:\\\/\\\/tidjaniya.com\\\/fr\\\/wp-content\\\/uploads\\\/2021\\\/04\\\/010...La-premiere-emigration-vers-l_Abyssinie.mp3\",\"meta\":{\"artist\":\"\",\"length_formatted\":\"16:39\"},\"src\":\"https:\\\/\\\/tidjaniya.com\\\/fr\\\/wp-content\\\/uploads\\\/2021\\\/04\\\/010...La-premiere-emigration-vers-l_Abyssinie.mp3\",\"thumb\":{\"src\":\"\"}},{\"artist\":\"\",\"artworkId\":0,\"artworkUrl\":\"\",\"audioId\":3543,\"audioUrl\":\"https:\\\/\\\/tidjaniya.com\\\/fr\\\/wp-content\\\/uploads\\\/2021\\\/04\\\/011...Les-quraychites-tentent-de-nouveau-d_intervenir-aupres-d_Abu-Talib.mp3\",\"format\":\"mp3\",\"length\":\"7:58\",\"title\":\"011...Les quraychites tentent de nouveau d_intervenir aupr\\u00e8s d_Ab\\u00fb T\\u00e2lib\",\"order\":10,\"mp3\":\"https:\\\/\\\/tidjaniya.com\\\/fr\\\/wp-content\\\/uploads\\\/2021\\\/04\\\/011...Les-quraychites-tentent-de-nouveau-d_intervenir-aupres-d_Abu-Talib.mp3\",\"meta\":{\"artist\":\"\",\"length_formatted\":\"7:58\"},\"src\":\"https:\\\/\\\/tidjaniya.com\\\/fr\\\/wp-content\\\/uploads\\\/2021\\\/04\\\/011...Les-quraychites-tentent-de-nouveau-d_intervenir-aupres-d_Abu-Talib.mp3\",\"thumb\":{\"src\":\"\"}},{\"artist\":\"\",\"artworkId\":0,\"artworkUrl\":\"\",\"audioId\":3544,\"audioUrl\":\"https:\\\/\\\/tidjaniya.com\\\/fr\\\/wp-content\\\/uploads\\\/2021\\\/04\\\/012...La-conversion-de-Hamza-fils-de-_Abdul-muttalib.mp3\",\"format\":\"mp3\",\"length\":\"1:49\",\"title\":\"012...La conversion de Hamza fils de _Abdul-muttalib\",\"order\":11,\"mp3\":\"https:\\\/\\\/tidjaniya.com\\\/fr\\\/wp-content\\\/uploads\\\/2021\\\/04\\\/012...La-conversion-de-Hamza-fils-de-_Abdul-muttalib.mp3\",\"meta\":{\"artist\":\"\",\"length_formatted\":\"1:49\"},\"src\":\"https:\\\/\\\/tidjaniya.com\\\/fr\\\/wp-content\\\/uploads\\\/2021\\\/04\\\/012...La-conversion-de-Hamza-fils-de-_Abdul-muttalib.mp3\",\"thumb\":{\"src\":\"\"}},{\"artist\":\"\",\"artworkId\":0,\"artworkUrl\":\"\",\"audioId\":3545,\"audioUrl\":\"https:\\\/\\\/tidjaniya.com\\\/fr\\\/wp-content\\\/uploads\\\/2021\\\/04\\\/013...La-conversion-de-_Umar-fils-d_Al-Khattab.mp3\",\"format\":\"mp3\",\"length\":\"12:18\",\"title\":\"013...La conversion de _Umar fils d_Al-Khatt\\u00e2b\",\"order\":12,\"mp3\":\"https:\\\/\\\/tidjaniya.com\\\/fr\\\/wp-content\\\/uploads\\\/2021\\\/04\\\/013...La-conversion-de-_Umar-fils-d_Al-Khattab.mp3\",\"meta\":{\"artist\":\"\",\"length_formatted\":\"12:18\"},\"src\":\"https:\\\/\\\/tidjaniya.com\\\/fr\\\/wp-content\\\/uploads\\\/2021\\\/04\\\/013...La-conversion-de-_Umar-fils-d_Al-Khattab.mp3\",\"thumb\":{\"src\":\"\"}},{\"artist\":\"\",\"artworkId\":0,\"artworkUrl\":\"\",\"audioId\":3546,\"audioUrl\":\"https:\\\/\\\/tidjaniya.com\\\/fr\\\/wp-content\\\/uploads\\\/2021\\\/04\\\/014...Le-representant-de-Quraych-negocie-avec-le-Messager-de-Dieu.mp3\",\"format\":\"mp3\",\"length\":\"6:39\",\"title\":\"014...Le repr\\u00e9sentant de Quraych n\\u00e9gocie avec le Messager de Dieu\",\"order\":13,\"mp3\":\"https:\\\/\\\/tidjaniya.com\\\/fr\\\/wp-content\\\/uploads\\\/2021\\\/04\\\/014...Le-representant-de-Quraych-negocie-avec-le-Messager-de-Dieu.mp3\",\"meta\":{\"artist\":\"\",\"length_formatted\":\"6:39\"},\"src\":\"https:\\\/\\\/tidjaniya.com\\\/fr\\\/wp-content\\\/uploads\\\/2021\\\/04\\\/014...Le-representant-de-Quraych-negocie-avec-le-Messager-de-Dieu.mp3\",\"thumb\":{\"src\":\"\"}},{\"artist\":\"\",\"artworkId\":0,\"artworkUrl\":\"\",\"audioId\":3547,\"audioUrl\":\"https:\\\/\\\/tidjaniya.com\\\/fr\\\/wp-content\\\/uploads\\\/2021\\\/04\\\/015...Abu-Talib-rassemble-les-Beni-Hachim-et-les-beni-_Abdul-muttalib.mp3\",\"format\":\"mp3\",\"length\":\"1:43\",\"title\":\"015...Ab\\u00fb T\\u00e2lib rassemble les B\\u00e9ni H\\u00e2chim et les b\\u00e9ni _Abdul-muttalib\",\"order\":14,\"mp3\":\"https:\\\/\\\/tidjaniya.com\\\/fr\\\/wp-content\\\/uploads\\\/2021\\\/04\\\/015...Abu-Talib-rassemble-les-Beni-Hachim-et-les-beni-_Abdul-muttalib.mp3\",\"meta\":{\"artist\":\"\",\"length_formatted\":\"1:43\"},\"src\":\"https:\\\/\\\/tidjaniya.com\\\/fr\\\/wp-content\\\/uploads\\\/2021\\\/04\\\/015...Abu-Talib-rassemble-les-Beni-Hachim-et-les-beni-_Abdul-muttalib.mp3\",\"thumb\":{\"src\":\"\"}},{\"artist\":\"\",\"artworkId\":0,\"artworkUrl\":\"\",\"audioId\":3548,\"audioUrl\":\"https:\\\/\\\/tidjaniya.com\\\/fr\\\/wp-content\\\/uploads\\\/2021\\\/04\\\/016...La-mise-en-quarantaine-generale.mp3\",\"format\":\"mp3\",\"length\":\"7:29\",\"title\":\"016...La mise en quarantaine g\\u00e9n\\u00e9rale\",\"order\":15,\"mp3\":\"https:\\\/\\\/tidjaniya.com\\\/fr\\\/wp-content\\\/uploads\\\/2021\\\/04\\\/016...La-mise-en-quarantaine-generale.mp3\",\"meta\":{\"artist\":\"\",\"length_formatted\":\"7:29\"},\"src\":\"https:\\\/\\\/tidjaniya.com\\\/fr\\\/wp-content\\\/uploads\\\/2021\\\/04\\\/016...La-mise-en-quarantaine-generale.mp3\",\"thumb\":{\"src\":\"\"}},{\"artist\":\"\",\"artworkId\":0,\"artworkUrl\":\"\",\"audioId\":3549,\"audioUrl\":\"https:\\\/\\\/tidjaniya.com\\\/fr\\\/wp-content\\\/uploads\\\/2021\\\/04\\\/017...Les-Quraychites-se-rendent-une-derniere-fois-aupres-d_Abu-Talib.mp3\",\"format\":\"mp3\",\"length\":\"7:06\",\"title\":\"017...Les Quraychites se rendent une derni\\u00e8re fois aupr\\u00e8s d_Ab\\u00fb T\\u00e2lib\",\"order\":16,\"mp3\":\"https:\\\/\\\/tidjaniya.com\\\/fr\\\/wp-content\\\/uploads\\\/2021\\\/04\\\/017...Les-Quraychites-se-rendent-une-derniere-fois-aupres-d_Abu-Talib.mp3\",\"meta\":{\"artist\":\"\",\"length_formatted\":\"7:06\"},\"src\":\"https:\\\/\\\/tidjaniya.com\\\/fr\\\/wp-content\\\/uploads\\\/2021\\\/04\\\/017...Les-Quraychites-se-rendent-une-derniere-fois-aupres-d_Abu-Talib.mp3\",\"thumb\":{\"src\":\"\"}},{\"artist\":\"\",\"artworkId\":0,\"artworkUrl\":\"\",\"audioId\":3550,\"audioUrl\":\"https:\\\/\\\/tidjaniya.com\\\/fr\\\/wp-content\\\/uploads\\\/2021\\\/04\\\/018...L_annee-du-chagrin-la-mort-d_Abu-Talib.mp3\",\"format\":\"mp3\",\"length\":\"3:27\",\"title\":\"018...L_ann\\u00e9e du chagrin la mort d_Ab\\u00fb T\\u00e2lib\",\"order\":17,\"mp3\":\"https:\\\/\\\/tidjaniya.com\\\/fr\\\/wp-content\\\/uploads\\\/2021\\\/04\\\/018...L_annee-du-chagrin-la-mort-d_Abu-Talib.mp3\",\"meta\":{\"artist\":\"\",\"length_formatted\":\"3:27\"},\"src\":\"https:\\\/\\\/tidjaniya.com\\\/fr\\\/wp-content\\\/uploads\\\/2021\\\/04\\\/018...L_annee-du-chagrin-la-mort-d_Abu-Talib.mp3\",\"thumb\":{\"src\":\"\"}},{\"artist\":\"\",\"artworkId\":0,\"artworkUrl\":\"\",\"audioId\":3551,\"audioUrl\":\"https:\\\/\\\/tidjaniya.com\\\/fr\\\/wp-content\\\/uploads\\\/2021\\\/04\\\/019...Khadija-retourne-aupres-de-Dieu.mp3\",\"format\":\"mp3\",\"length\":\"3:24\",\"title\":\"019...Khad\\u00eeja retourne aupr\\u00e8s de Dieu\",\"order\":18,\"mp3\":\"https:\\\/\\\/tidjaniya.com\\\/fr\\\/wp-content\\\/uploads\\\/2021\\\/04\\\/019...Khadija-retourne-aupres-de-Dieu.mp3\",\"meta\":{\"artist\":\"\",\"length_formatted\":\"3:24\"},\"src\":\"https:\\\/\\\/tidjaniya.com\\\/fr\\\/wp-content\\\/uploads\\\/2021\\\/04\\\/019...Khadija-retourne-aupres-de-Dieu.mp3\",\"thumb\":{\"src\":\"\"}},{\"artist\":\"\",\"artworkId\":0,\"artworkUrl\":\"\",\"audioId\":3552,\"audioUrl\":\"https:\\\/\\\/tidjaniya.com\\\/fr\\\/wp-content\\\/uploads\\\/2021\\\/04\\\/020...Le-mariage-du-prophete-avec-Sawda.mp3\",\"format\":\"mp3\",\"length\":\"1:00\",\"title\":\"020...Le mariage du proph\\u00e8te avec Sawda\",\"order\":19,\"mp3\":\"https:\\\/\\\/tidjaniya.com\\\/fr\\\/wp-content\\\/uploads\\\/2021\\\/04\\\/020...Le-mariage-du-prophete-avec-Sawda.mp3\",\"meta\":{\"artist\":\"\",\"length_formatted\":\"1:00\"},\"src\":\"https:\\\/\\\/tidjaniya.com\\\/fr\\\/wp-content\\\/uploads\\\/2021\\\/04\\\/020...Le-mariage-du-prophete-avec-Sawda.mp3\",\"thumb\":{\"src\":\"\"}},{\"artist\":\"\",\"artworkId\":0,\"artworkUrl\":\"\",\"audioId\":3553,\"audioUrl\":\"https:\\\/\\\/tidjaniya.com\\\/fr\\\/wp-content\\\/uploads\\\/2021\\\/04\\\/021...Patience-et-perseverance.mp3\",\"format\":\"mp3\",\"length\":\"19:58\",\"title\":\"021...Patience et pers\\u00e9v\\u00e9rance\",\"order\":20,\"mp3\":\"https:\\\/\\\/tidjaniya.com\\\/fr\\\/wp-content\\\/uploads\\\/2021\\\/04\\\/021...Patience-et-perseverance.mp3\",\"meta\":{\"artist\":\"\",\"length_formatted\":\"19:58\"},\"src\":\"https:\\\/\\\/tidjaniya.com\\\/fr\\\/wp-content\\\/uploads\\\/2021\\\/04\\\/021...Patience-et-perseverance.mp3\",\"thumb\":{\"src\":\"\"}},{\"artist\":\"\",\"artworkId\":0,\"artworkUrl\":\"\",\"audioId\":3554,\"audioUrl\":\"https:\\\/\\\/tidjaniya.com\\\/fr\\\/wp-content\\\/uploads\\\/2021\\\/04\\\/022...la-troisieme-phase-precher-l_Islam-en-dehors-de-la-Mecque.mp3\",\"format\":\"mp3\",\"length\":\"26:38\",\"title\":\"022...la troisi\\u00e8me phase pr\\u00eacher l_Islam en dehors de la Mecque\",\"order\":21,\"mp3\":\"https:\\\/\\\/tidjaniya.com\\\/fr\\\/wp-content\\\/uploads\\\/2021\\\/04\\\/022...la-troisieme-phase-precher-l_Islam-en-dehors-de-la-Mecque.mp3\",\"meta\":{\"artist\":\"\",\"length_formatted\":\"26:38\"},\"src\":\"https:\\\/\\\/tidjaniya.com\\\/fr\\\/wp-content\\\/uploads\\\/2021\\\/04\\\/022...la-troisieme-phase-precher-l_Islam-en-dehors-de-la-Mecque.mp3\",\"thumb\":{\"src\":\"\"}},{\"artist\":\"\",\"artworkId\":0,\"artworkUrl\":\"\",\"audioId\":3555,\"audioUrl\":\"https:\\\/\\\/tidjaniya.com\\\/fr\\\/wp-content\\\/uploads\\\/2021\\\/04\\\/023...Le-voyage-nocturne-et-l_ascension.mp3\",\"format\":\"mp3\",\"length\":\"16:10\",\"title\":\"023...Le voyage nocturne et l_ascension\",\"order\":22,\"mp3\":\"https:\\\/\\\/tidjaniya.com\\\/fr\\\/wp-content\\\/uploads\\\/2021\\\/04\\\/023...Le-voyage-nocturne-et-l_ascension.mp3\",\"meta\":{\"artist\":\"\",\"length_formatted\":\"16:10\"},\"src\":\"https:\\\/\\\/tidjaniya.com\\\/fr\\\/wp-content\\\/uploads\\\/2021\\\/04\\\/023...Le-voyage-nocturne-et-l_ascension.mp3\",\"thumb\":{\"src\":\"\"}},{\"artist\":\"\",\"artworkId\":0,\"artworkUrl\":\"\",\"audioId\":3556,\"audioUrl\":\"https:\\\/\\\/tidjaniya.com\\\/fr\\\/wp-content\\\/uploads\\\/2021\\\/04\\\/024...Le-premier-serment-d_Al-_Aqaba.mp3\",\"format\":\"mp3\",\"length\":\"6:34\",\"title\":\"024...Le premier serment d_Al-_Aqaba\",\"order\":23,\"mp3\":\"https:\\\/\\\/tidjaniya.com\\\/fr\\\/wp-content\\\/uploads\\\/2021\\\/04\\\/024...Le-premier-serment-d_Al-_Aqaba.mp3\",\"meta\":{\"artist\":\"\",\"length_formatted\":\"6:34\"},\"src\":\"https:\\\/\\\/tidjaniya.com\\\/fr\\\/wp-content\\\/uploads\\\/2021\\\/04\\\/024...Le-premier-serment-d_Al-_Aqaba.mp3\",\"thumb\":{\"src\":\"\"}},{\"artist\":\"\",\"artworkId\":0,\"artworkUrl\":\"\",\"audioId\":3557,\"audioUrl\":\"https:\\\/\\\/tidjaniya.com\\\/fr\\\/wp-content\\\/uploads\\\/2021\\\/04\\\/025...Le-second-serment-d_Al-_Aqaba.mp3\",\"format\":\"mp3\",\"length\":\"12:26\",\"title\":\"025...Le second serment d_Al-_Aqaba\",\"order\":24,\"mp3\":\"https:\\\/\\\/tidjaniya.com\\\/fr\\\/wp-content\\\/uploads\\\/2021\\\/04\\\/025...Le-second-serment-d_Al-_Aqaba.mp3\",\"meta\":{\"artist\":\"\",\"length_formatted\":\"12:26\"},\"src\":\"https:\\\/\\\/tidjaniya.com\\\/fr\\\/wp-content\\\/uploads\\\/2021\\\/04\\\/025...Le-second-serment-d_Al-_Aqaba.mp3\",\"thumb\":{\"src\":\"\"}},{\"artist\":\"\",\"artworkId\":0,\"artworkUrl\":\"\",\"audioId\":3558,\"audioUrl\":\"https:\\\/\\\/tidjaniya.com\\\/fr\\\/wp-content\\\/uploads\\\/2021\\\/04\\\/026...Les-premieres-emigrations.mp3\",\"format\":\"mp3\",\"length\":\"5:36\",\"title\":\"026...Les premi\\u00e8res \\u00e9migrations\",\"order\":25,\"mp3\":\"https:\\\/\\\/tidjaniya.com\\\/fr\\\/wp-content\\\/uploads\\\/2021\\\/04\\\/026...Les-premieres-emigrations.mp3\",\"meta\":{\"artist\":\"\",\"length_formatted\":\"5:36\"},\"src\":\"https:\\\/\\\/tidjaniya.com\\\/fr\\\/wp-content\\\/uploads\\\/2021\\\/04\\\/026...Les-premieres-emigrations.mp3\",\"thumb\":{\"src\":\"\"}},{\"artist\":\"\",\"artworkId\":0,\"artworkUrl\":\"\",\"audioId\":3559,\"audioUrl\":\"https:\\\/\\\/tidjaniya.com\\\/fr\\\/wp-content\\\/uploads\\\/2021\\\/04\\\/027...Dar-An-Nadwa-Le-parlement-de-Quraych.mp3\",\"format\":\"mp3\",\"length\":\"4:23\",\"title\":\"027...D\\u00e2r An-Nadwa Le parlement de Quraych\",\"order\":26,\"mp3\":\"https:\\\/\\\/tidjaniya.com\\\/fr\\\/wp-content\\\/uploads\\\/2021\\\/04\\\/027...Dar-An-Nadwa-Le-parlement-de-Quraych.mp3\",\"meta\":{\"artist\":\"\",\"length_formatted\":\"4:23\"},\"src\":\"https:\\\/\\\/tidjaniya.com\\\/fr\\\/wp-content\\\/uploads\\\/2021\\\/04\\\/027...Dar-An-Nadwa-Le-parlement-de-Quraych.mp3\",\"thumb\":{\"src\":\"\"}},{\"artist\":\"\",\"artworkId\":0,\"artworkUrl\":\"\",\"audioId\":3560,\"audioUrl\":\"https:\\\/\\\/tidjaniya.com\\\/fr\\\/wp-content\\\/uploads\\\/2021\\\/04\\\/028...Le-depart-du-prophete-pour-Medine.mp3\",\"format\":\"mp3\",\"length\":\"23:19\",\"title\":\"028...Le d\\u00e9part du proph\\u00e8te pour M\\u00e9dine\",\"order\":27,\"mp3\":\"https:\\\/\\\/tidjaniya.com\\\/fr\\\/wp-content\\\/uploads\\\/2021\\\/04\\\/028...Le-depart-du-prophete-pour-Medine.mp3\",\"meta\":{\"artist\":\"\",\"length_formatted\":\"23:19\"},\"src\":\"https:\\\/\\\/tidjaniya.com\\\/fr\\\/wp-content\\\/uploads\\\/2021\\\/04\\\/028...Le-depart-du-prophete-pour-Medine.mp3\",\"thumb\":{\"src\":\"\"}},{\"artist\":\"\",\"artworkId\":0,\"artworkUrl\":\"\",\"audioId\":3561,\"audioUrl\":\"https:\\\/\\\/tidjaniya.com\\\/fr\\\/wp-content\\\/uploads\\\/2021\\\/04\\\/029...La-premiere-phase-la-situation-a-Medine-au-moment-de-l_emigration.mp3\",\"format\":\"mp3\",\"length\":\"15:05\",\"title\":\"029...La premi\\u00e8re phase la situation \\u00e0 M\\u00e9dine au moment de l_\\u00e9migration\",\"order\":28,\"mp3\":\"https:\\\/\\\/tidjaniya.com\\\/fr\\\/wp-content\\\/uploads\\\/2021\\\/04\\\/029...La-premiere-phase-la-situation-a-Medine-au-moment-de-l_emigration.mp3\",\"meta\":{\"artist\":\"\",\"length_formatted\":\"15:05\"},\"src\":\"https:\\\/\\\/tidjaniya.com\\\/fr\\\/wp-content\\\/uploads\\\/2021\\\/04\\\/029...La-premiere-phase-la-situation-a-Medine-au-moment-de-l_emigration.mp3\",\"thumb\":{\"src\":\"\"}},{\"artist\":\"\",\"artworkId\":0,\"artworkUrl\":\"\",\"audioId\":3562,\"audioUrl\":\"https:\\\/\\\/tidjaniya.com\\\/fr\\\/wp-content\\\/uploads\\\/2021\\\/04\\\/030...L_etablissement-d_une-societe-nouvelle.mp3\",\"format\":\"mp3\",\"length\":\"19:46\",\"title\":\"030...L_\\u00e9tablissement d_une soci\\u00e9t\\u00e9 nouvelle\",\"order\":29,\"mp3\":\"https:\\\/\\\/tidjaniya.com\\\/fr\\\/wp-content\\\/uploads\\\/2021\\\/04\\\/030...L_etablissement-d_une-societe-nouvelle.mp3\",\"meta\":{\"artist\":\"\",\"length_formatted\":\"19:46\"},\"src\":\"https:\\\/\\\/tidjaniya.com\\\/fr\\\/wp-content\\\/uploads\\\/2021\\\/04\\\/030...L_etablissement-d_une-societe-nouvelle.mp3\",\"thumb\":{\"src\":\"\"}},{\"artist\":\"\",\"artworkId\":0,\"artworkUrl\":\"\",\"audioId\":3563,\"audioUrl\":\"https:\\\/\\\/tidjaniya.com\\\/fr\\\/wp-content\\\/uploads\\\/2021\\\/04\\\/031...Le-prophete-sur-le-champ-de-bataille.mp3\",\"format\":\"mp3\",\"length\":\"6:25\",\"title\":\"031...Le proph\\u00e8te sur le champ de bataille\",\"order\":30,\"mp3\":\"https:\\\/\\\/tidjaniya.com\\\/fr\\\/wp-content\\\/uploads\\\/2021\\\/04\\\/031...Le-prophete-sur-le-champ-de-bataille.mp3\",\"meta\":{\"artist\":\"\",\"length_formatted\":\"6:25\"},\"src\":\"https:\\\/\\\/tidjaniya.com\\\/fr\\\/wp-content\\\/uploads\\\/2021\\\/04\\\/031...Le-prophete-sur-le-champ-de-bataille.mp3\",\"thumb\":{\"src\":\"\"}},{\"artist\":\"\",\"artworkId\":0,\"artworkUrl\":\"\",\"audioId\":3564,\"audioUrl\":\"https:\\\/\\\/tidjaniya.com\\\/fr\\\/wp-content\\\/uploads\\\/2021\\\/04\\\/032...Les-ghazwa-et-les-sariyya-precedant-la-bataille-de-Badr.mp3\",\"format\":\"mp3\",\"length\":\"16:25\",\"title\":\"032...Les ghazwa et les sariyya pr\\u00e9c\\u00e9dant la bataille de Badr\",\"order\":31,\"mp3\":\"https:\\\/\\\/tidjaniya.com\\\/fr\\\/wp-content\\\/uploads\\\/2021\\\/04\\\/032...Les-ghazwa-et-les-sariyya-precedant-la-bataille-de-Badr.mp3\",\"meta\":{\"artist\":\"\",\"length_formatted\":\"16:25\"},\"src\":\"https:\\\/\\\/tidjaniya.com\\\/fr\\\/wp-content\\\/uploads\\\/2021\\\/04\\\/032...Les-ghazwa-et-les-sariyya-precedant-la-bataille-de-Badr.mp3\",\"thumb\":{\"src\":\"\"}},{\"artist\":\"\",\"artworkId\":0,\"artworkUrl\":\"\",\"audioId\":3565,\"audioUrl\":\"https:\\\/\\\/tidjaniya.com\\\/fr\\\/wp-content\\\/uploads\\\/2021\\\/04\\\/033...L_expedition-de-Badr-les-causes.mp3\",\"format\":\"mp3\",\"length\":\"12:34\",\"title\":\"033...L_exp\\u00e9dition de Badr les causes\",\"order\":32,\"mp3\":\"https:\\\/\\\/tidjaniya.com\\\/fr\\\/wp-content\\\/uploads\\\/2021\\\/04\\\/033...L_expedition-de-Badr-les-causes.mp3\",\"meta\":{\"artist\":\"\",\"length_formatted\":\"12:34\"},\"src\":\"https:\\\/\\\/tidjaniya.com\\\/fr\\\/wp-content\\\/uploads\\\/2021\\\/04\\\/033...L_expedition-de-Badr-les-causes.mp3\",\"thumb\":{\"src\":\"\"}},{\"artist\":\"\",\"artworkId\":0,\"artworkUrl\":\"\",\"audioId\":3566,\"audioUrl\":\"https:\\\/\\\/tidjaniya.com\\\/fr\\\/wp-content\\\/uploads\\\/2021\\\/04\\\/034...Badr-le-combat.mp3\",\"format\":\"mp3\",\"length\":\"23:02\",\"title\":\"034...Badr le combat\",\"order\":33,\"mp3\":\"https:\\\/\\\/tidjaniya.com\\\/fr\\\/wp-content\\\/uploads\\\/2021\\\/04\\\/034...Badr-le-combat.mp3\",\"meta\":{\"artist\":\"\",\"length_formatted\":\"23:02\"},\"src\":\"https:\\\/\\\/tidjaniya.com\\\/fr\\\/wp-content\\\/uploads\\\/2021\\\/04\\\/034...Badr-le-combat.mp3\",\"thumb\":{\"src\":\"\"}},{\"artist\":\"\",\"artworkId\":0,\"artworkUrl\":\"\",\"audioId\":3567,\"audioUrl\":\"https:\\\/\\\/tidjaniya.com\\\/fr\\\/wp-content\\\/uploads\\\/2021\\\/04\\\/035...La-bataille-de-Badr-ou-les-merveilles-de-la-foi.mp3\",\"format\":\"mp3\",\"length\":\"9:34\",\"title\":\"035...La bataille de Badr ou les merveilles de la foi\",\"order\":34,\"mp3\":\"https:\\\/\\\/tidjaniya.com\\\/fr\\\/wp-content\\\/uploads\\\/2021\\\/04\\\/035...La-bataille-de-Badr-ou-les-merveilles-de-la-foi.mp3\",\"meta\":{\"artist\":\"\",\"length_formatted\":\"9:34\"},\"src\":\"https:\\\/\\\/tidjaniya.com\\\/fr\\\/wp-content\\\/uploads\\\/2021\\\/04\\\/035...La-bataille-de-Badr-ou-les-merveilles-de-la-foi.mp3\",\"thumb\":{\"src\":\"\"}},{\"artist\":\"\",\"artworkId\":0,\"artworkUrl\":\"\",\"audioId\":3568,\"audioUrl\":\"https:\\\/\\\/tidjaniya.com\\\/fr\\\/wp-content\\\/uploads\\\/2021\\\/04\\\/036...La-nouvelle-de-la-victoire-parvient-a-Medine.mp3\",\"format\":\"mp3\",\"length\":\"13:37\",\"title\":\"036...La nouvelle de la victoire parvient \\u00e0 M\\u00e9dine\",\"order\":35,\"mp3\":\"https:\\\/\\\/tidjaniya.com\\\/fr\\\/wp-content\\\/uploads\\\/2021\\\/04\\\/036...La-nouvelle-de-la-victoire-parvient-a-Medine.mp3\",\"meta\":{\"artist\":\"\",\"length_formatted\":\"13:37\"},\"src\":\"https:\\\/\\\/tidjaniya.com\\\/fr\\\/wp-content\\\/uploads\\\/2021\\\/04\\\/036...La-nouvelle-de-la-victoire-parvient-a-Medine.mp3\",\"thumb\":{\"src\":\"\"}},{\"artist\":\"\",\"artworkId\":0,\"artworkUrl\":\"\",\"audioId\":3569,\"audioUrl\":\"https:\\\/\\\/tidjaniya.com\\\/fr\\\/wp-content\\\/uploads\\\/2021\\\/04\\\/037...L_activite-militaire-entre-les-batailles-de-Badr-et-Uhud.mp3\",\"format\":\"mp3\",\"length\":\"28:36\",\"title\":\"037...L_activit\\u00e9 militaire entre les batailles de Badr et Uhud\",\"order\":36,\"mp3\":\"https:\\\/\\\/tidjaniya.com\\\/fr\\\/wp-content\\\/uploads\\\/2021\\\/04\\\/037...L_activite-militaire-entre-les-batailles-de-Badr-et-Uhud.mp3\",\"meta\":{\"artist\":\"\",\"length_formatted\":\"28:36\"},\"src\":\"https:\\\/\\\/tidjaniya.com\\\/fr\\\/wp-content\\\/uploads\\\/2021\\\/04\\\/037...L_activite-militaire-entre-les-batailles-de-Badr-et-Uhud.mp3\",\"thumb\":{\"src\":\"\"}},{\"artist\":\"\",\"artworkId\":0,\"artworkUrl\":\"\",\"audioId\":3570,\"audioUrl\":\"https:\\\/\\\/tidjaniya.com\\\/fr\\\/wp-content\\\/uploads\\\/2021\\\/04\\\/038...La-bataille-d_Uhud.mp3\",\"format\":\"mp3\",\"length\":\"29:01\",\"title\":\"038...La bataille d_Uhud\",\"order\":37,\"mp3\":\"https:\\\/\\\/tidjaniya.com\\\/fr\\\/wp-content\\\/uploads\\\/2021\\\/04\\\/038...La-bataille-d_Uhud.mp3\",\"meta\":{\"artist\":\"\",\"length_formatted\":\"29:01\"},\"src\":\"https:\\\/\\\/tidjaniya.com\\\/fr\\\/wp-content\\\/uploads\\\/2021\\\/04\\\/038...La-bataille-d_Uhud.mp3\",\"thumb\":{\"src\":\"\"}},{\"artist\":\"\",\"artworkId\":0,\"artworkUrl\":\"\",\"audioId\":3571,\"audioUrl\":\"https:\\\/\\\/tidjaniya.com\\\/fr\\\/wp-content\\\/uploads\\\/2021\\\/04\\\/039...Le-combat.mp3\",\"format\":\"mp3\",\"length\":\"58:31\",\"title\":\"039...Le combat\",\"order\":38,\"mp3\":\"https:\\\/\\\/tidjaniya.com\\\/fr\\\/wp-content\\\/uploads\\\/2021\\\/04\\\/039...Le-combat.mp3\",\"meta\":{\"artist\":\"\",\"length_formatted\":\"58:31\"},\"src\":\"https:\\\/\\\/tidjaniya.com\\\/fr\\\/wp-content\\\/uploads\\\/2021\\\/04\\\/039...Le-combat.mp3\",\"thumb\":{\"src\":\"\"}},{\"artist\":\"\",\"artworkId\":0,\"artworkUrl\":\"\",\"audioId\":3572,\"audioUrl\":\"https:\\\/\\\/tidjaniya.com\\\/fr\\\/wp-content\\\/uploads\\\/2021\\\/04\\\/040...Le-retour-a-Medine.mp3\",\"format\":\"mp3\",\"length\":\"4:04\",\"title\":\"040...Le retour \\u00e0 M\\u00e9dine\",\"order\":39,\"mp3\":\"https:\\\/\\\/tidjaniya.com\\\/fr\\\/wp-content\\\/uploads\\\/2021\\\/04\\\/040...Le-retour-a-Medine.mp3\",\"meta\":{\"artist\":\"\",\"length_formatted\":\"4:04\"},\"src\":\"https:\\\/\\\/tidjaniya.com\\\/fr\\\/wp-content\\\/uploads\\\/2021\\\/04\\\/040...Le-retour-a-Medine.mp3\",\"thumb\":{\"src\":\"\"}},{\"artist\":\"\",\"artworkId\":0,\"artworkUrl\":\"\",\"audioId\":3573,\"audioUrl\":\"https:\\\/\\\/tidjaniya.com\\\/fr\\\/wp-content\\\/uploads\\\/2021\\\/04\\\/041...L_expedition-de-Hamra_-Al-Asad-et-les-lecons-a-tirer-de-la-bataille-d_Uhud.mp3\",\"format\":\"mp3\",\"length\":\"16:01\",\"title\":\"041...L_exp\\u00e9dition de Hamr\\u00e2_ Al-Asad et les le\\u00e7ons \\u00e0 tirer de la bataille d_Uhud\",\"order\":40,\"mp3\":\"https:\\\/\\\/tidjaniya.com\\\/fr\\\/wp-content\\\/uploads\\\/2021\\\/04\\\/041...L_expedition-de-Hamra_-Al-Asad-et-les-lecons-a-tirer-de-la-bataille-d_Uhud.mp3\",\"meta\":{\"artist\":\"\",\"length_formatted\":\"16:01\"},\"src\":\"https:\\\/\\\/tidjaniya.com\\\/fr\\\/wp-content\\\/uploads\\\/2021\\\/04\\\/041...L_expedition-de-Hamra_-Al-Asad-et-les-lecons-a-tirer-de-la-bataille-d_Uhud.mp3\",\"thumb\":{\"src\":\"\"}},{\"artist\":\"\",\"artworkId\":0,\"artworkUrl\":\"\",\"audioId\":3574,\"audioUrl\":\"https:\\\/\\\/tidjaniya.com\\\/fr\\\/wp-content\\\/uploads\\\/2021\\\/04\\\/042...Les-ghazwa-et-les-sariyya-entre-la-bataille-d_Uhud-et-celle-des-coalises.mp3\",\"format\":\"mp3\",\"length\":\"8:22\",\"title\":\"042...Les ghazwa et les sariyya entre la bataille d_Uhud et celle des coalis\\u00e9s\",\"order\":41,\"mp3\":\"https:\\\/\\\/tidjaniya.com\\\/fr\\\/wp-content\\\/uploads\\\/2021\\\/04\\\/042...Les-ghazwa-et-les-sariyya-entre-la-bataille-d_Uhud-et-celle-des-coalises.mp3\",\"meta\":{\"artist\":\"\",\"length_formatted\":\"8:22\"},\"src\":\"https:\\\/\\\/tidjaniya.com\\\/fr\\\/wp-content\\\/uploads\\\/2021\\\/04\\\/042...Les-ghazwa-et-les-sariyya-entre-la-bataille-d_Uhud-et-celle-des-coalises.mp3\",\"thumb\":{\"src\":\"\"}},{\"artist\":\"\",\"artworkId\":0,\"artworkUrl\":\"\",\"audioId\":3575,\"audioUrl\":\"https:\\\/\\\/tidjaniya.com\\\/fr\\\/wp-content\\\/uploads\\\/2021\\\/04\\\/043...Le-drame-du-puits-de-Ma_una-et-d_autres-ghazwa.mp3\",\"format\":\"mp3\",\"length\":\"20:46\",\"title\":\"043...Le drame du puits de Ma_\\u00fbna et d_autres ghazwa\",\"order\":42,\"mp3\":\"https:\\\/\\\/tidjaniya.com\\\/fr\\\/wp-content\\\/uploads\\\/2021\\\/04\\\/043...Le-drame-du-puits-de-Ma_una-et-d_autres-ghazwa.mp3\",\"meta\":{\"artist\":\"\",\"length_formatted\":\"20:46\"},\"src\":\"https:\\\/\\\/tidjaniya.com\\\/fr\\\/wp-content\\\/uploads\\\/2021\\\/04\\\/043...Le-drame-du-puits-de-Ma_una-et-d_autres-ghazwa.mp3\",\"thumb\":{\"src\":\"\"}},{\"artist\":\"\",\"artworkId\":0,\"artworkUrl\":\"\",\"audioId\":3576,\"audioUrl\":\"https:\\\/\\\/tidjaniya.com\\\/fr\\\/wp-content\\\/uploads\\\/2021\\\/04\\\/044...La-bataille-des-coalises.mp3\",\"format\":\"mp3\",\"length\":\"26:13\",\"title\":\"044...La bataille des coalis\\u00e9s\",\"order\":43,\"mp3\":\"https:\\\/\\\/tidjaniya.com\\\/fr\\\/wp-content\\\/uploads\\\/2021\\\/04\\\/044...La-bataille-des-coalises.mp3\",\"meta\":{\"artist\":\"\",\"length_formatted\":\"26:13\"},\"src\":\"https:\\\/\\\/tidjaniya.com\\\/fr\\\/wp-content\\\/uploads\\\/2021\\\/04\\\/044...La-bataille-des-coalises.mp3\",\"thumb\":{\"src\":\"\"}},{\"artist\":\"\",\"artworkId\":0,\"artworkUrl\":\"\",\"audioId\":3577,\"audioUrl\":\"https:\\\/\\\/tidjaniya.com\\\/fr\\\/wp-content\\\/uploads\\\/2021\\\/04\\\/045...L_expedition-contre-les-Beni-Qurayza.mp3\",\"format\":\"mp3\",\"length\":\"13:11\",\"title\":\"045...L_exp\\u00e9dition contre les B\\u00e9ni Qurayza\",\"order\":44,\"mp3\":\"https:\\\/\\\/tidjaniya.com\\\/fr\\\/wp-content\\\/uploads\\\/2021\\\/04\\\/045...L_expedition-contre-les-Beni-Qurayza.mp3\",\"meta\":{\"artist\":\"\",\"length_formatted\":\"13:11\"},\"src\":\"https:\\\/\\\/tidjaniya.com\\\/fr\\\/wp-content\\\/uploads\\\/2021\\\/04\\\/045...L_expedition-contre-les-Beni-Qurayza.mp3\",\"thumb\":{\"src\":\"\"}},{\"artist\":\"\",\"artworkId\":0,\"artworkUrl\":\"\",\"audioId\":3578,\"audioUrl\":\"https:\\\/\\\/tidjaniya.com\\\/fr\\\/wp-content\\\/uploads\\\/2021\\\/04\\\/046...Les-actions-militaires-apres-la-bataille-du-fosse.mp3\",\"format\":\"mp3\",\"length\":\"13:04\",\"title\":\"046...Les actions militaires apr\\u00e8s la bataille du foss\\u00e9\",\"order\":45,\"mp3\":\"https:\\\/\\\/tidjaniya.com\\\/fr\\\/wp-content\\\/uploads\\\/2021\\\/04\\\/046...Les-actions-militaires-apres-la-bataille-du-fosse.mp3\",\"meta\":{\"artist\":\"\",\"length_formatted\":\"13:04\"},\"src\":\"https:\\\/\\\/tidjaniya.com\\\/fr\\\/wp-content\\\/uploads\\\/2021\\\/04\\\/046...Les-actions-militaires-apres-la-bataille-du-fosse.mp3\",\"thumb\":{\"src\":\"\"}},{\"artist\":\"\",\"artworkId\":0,\"artworkUrl\":\"\",\"audioId\":3579,\"audioUrl\":\"https:\\\/\\\/tidjaniya.com\\\/fr\\\/wp-content\\\/uploads\\\/2021\\\/04\\\/047...L_expedition-contre-les-Beni-Al-Mustaliq.mp3\",\"format\":\"mp3\",\"length\":\"27:19\",\"title\":\"047...L_exp\\u00e9dition contre les B\\u00e9ni Al-Mustaliq\",\"order\":46,\"mp3\":\"https:\\\/\\\/tidjaniya.com\\\/fr\\\/wp-content\\\/uploads\\\/2021\\\/04\\\/047...L_expedition-contre-les-Beni-Al-Mustaliq.mp3\",\"meta\":{\"artist\":\"\",\"length_formatted\":\"27:19\"},\"src\":\"https:\\\/\\\/tidjaniya.com\\\/fr\\\/wp-content\\\/uploads\\\/2021\\\/04\\\/047...L_expedition-contre-les-Beni-Al-Mustaliq.mp3\",\"thumb\":{\"src\":\"\"}},{\"artist\":\"\",\"artworkId\":0,\"artworkUrl\":\"\",\"audioId\":3580,\"audioUrl\":\"https:\\\/\\\/tidjaniya.com\\\/fr\\\/wp-content\\\/uploads\\\/2021\\\/04\\\/048...Le-traite-d_Al-Hudaybiyya.mp3\",\"format\":\"mp3\",\"length\":\"25:39\",\"title\":\"048...Le trait\\u00e9 d_Al-Hudaybiyya\",\"order\":47,\"mp3\":\"https:\\\/\\\/tidjaniya.com\\\/fr\\\/wp-content\\\/uploads\\\/2021\\\/04\\\/048...Le-traite-d_Al-Hudaybiyya.mp3\",\"meta\":{\"artist\":\"\",\"length_formatted\":\"25:39\"},\"src\":\"https:\\\/\\\/tidjaniya.com\\\/fr\\\/wp-content\\\/uploads\\\/2021\\\/04\\\/048...Le-traite-d_Al-Hudaybiyya.mp3\",\"thumb\":{\"src\":\"\"}},{\"artist\":\"\",\"artworkId\":0,\"artworkUrl\":\"\",\"audioId\":3581,\"audioUrl\":\"https:\\\/\\\/tidjaniya.com\\\/fr\\\/wp-content\\\/uploads\\\/2021\\\/04\\\/049...Une-nouvelle-ere.mp3\",\"format\":\"mp3\",\"length\":\"29:32\",\"title\":\"049...Une nouvelle \\u00e8re\",\"order\":48,\"mp3\":\"https:\\\/\\\/tidjaniya.com\\\/fr\\\/wp-content\\\/uploads\\\/2021\\\/04\\\/049...Une-nouvelle-ere.mp3\",\"meta\":{\"artist\":\"\",\"length_formatted\":\"29:32\"},\"src\":\"https:\\\/\\\/tidjaniya.com\\\/fr\\\/wp-content\\\/uploads\\\/2021\\\/04\\\/049...Une-nouvelle-ere.mp3\",\"thumb\":{\"src\":\"\"}},{\"artist\":\"\",\"artworkId\":0,\"artworkUrl\":\"\",\"audioId\":3582,\"audioUrl\":\"https:\\\/\\\/tidjaniya.com\\\/fr\\\/wp-content\\\/uploads\\\/2021\\\/04\\\/050....L_activite-militaire-apres-Al-Hudaybiyya.mp3\",\"format\":\"mp3\",\"length\":\"32:29\",\"title\":\"050....L_activit\\u00e9 militaire apr\\u00e8s Al-Hudaybiyya\",\"order\":49,\"mp3\":\"https:\\\/\\\/tidjaniya.com\\\/fr\\\/wp-content\\\/uploads\\\/2021\\\/04\\\/050....L_activite-militaire-apres-Al-Hudaybiyya.mp3\",\"meta\":{\"artist\":\"\",\"length_formatted\":\"32:29\"},\"src\":\"https:\\\/\\\/tidjaniya.com\\\/fr\\\/wp-content\\\/uploads\\\/2021\\\/04\\\/050....L_activite-militaire-apres-Al-Hudaybiyya.mp3\",\"thumb\":{\"src\":\"\"}},{\"artist\":\"\",\"artworkId\":0,\"artworkUrl\":\"\",\"audioId\":3583,\"audioUrl\":\"https:\\\/\\\/tidjaniya.com\\\/fr\\\/wp-content\\\/uploads\\\/2021\\\/04\\\/051...Des-autres-expeditions-et-detachements-durant-l_an-7-de-l_Hegire.mp3\",\"format\":\"mp3\",\"length\":\"7:05\",\"title\":\"051...Des autres exp\\u00e9ditions et d\\u00e9tachements durant l_an 7 de l_H\\u00e9gire\",\"order\":50,\"mp3\":\"https:\\\/\\\/tidjaniya.com\\\/fr\\\/wp-content\\\/uploads\\\/2021\\\/04\\\/051...Des-autres-expeditions-et-detachements-durant-l_an-7-de-l_Hegire.mp3\",\"meta\":{\"artist\":\"\",\"length_formatted\":\"7:05\"},\"src\":\"https:\\\/\\\/tidjaniya.com\\\/fr\\\/wp-content\\\/uploads\\\/2021\\\/04\\\/051...Des-autres-expeditions-et-detachements-durant-l_an-7-de-l_Hegire.mp3\",\"thumb\":{\"src\":\"\"}},{\"artist\":\"\",\"artworkId\":0,\"artworkUrl\":\"\",\"audioId\":3584,\"audioUrl\":\"https:\\\/\\\/tidjaniya.com\\\/fr\\\/wp-content\\\/uploads\\\/2021\\\/04\\\/052...La-_Umra-de-compensation.mp3\",\"format\":\"mp3\",\"length\":\"5:10\",\"title\":\"052...La _Umra de compensation\",\"order\":51,\"mp3\":\"https:\\\/\\\/tidjaniya.com\\\/fr\\\/wp-content\\\/uploads\\\/2021\\\/04\\\/052...La-_Umra-de-compensation.mp3\",\"meta\":{\"artist\":\"\",\"length_formatted\":\"5:10\"},\"src\":\"https:\\\/\\\/tidjaniya.com\\\/fr\\\/wp-content\\\/uploads\\\/2021\\\/04\\\/052...La-_Umra-de-compensation.mp3\",\"thumb\":{\"src\":\"\"}},{\"artist\":\"\",\"artworkId\":0,\"artworkUrl\":\"\",\"audioId\":3585,\"audioUrl\":\"https:\\\/\\\/tidjaniya.com\\\/fr\\\/wp-content\\\/uploads\\\/2021\\\/04\\\/053...La-bataille-de-Mu_ta-suivie-de-2-detachements.mp3\",\"format\":\"mp3\",\"length\":\"12:17\",\"title\":\"053...La bataille de Mu_ta suivie de 2 d\\u00e9tachements\",\"order\":52,\"mp3\":\"https:\\\/\\\/tidjaniya.com\\\/fr\\\/wp-content\\\/uploads\\\/2021\\\/04\\\/053...La-bataille-de-Mu_ta-suivie-de-2-detachements.mp3\",\"meta\":{\"artist\":\"\",\"length_formatted\":\"12:17\"},\"src\":\"https:\\\/\\\/tidjaniya.com\\\/fr\\\/wp-content\\\/uploads\\\/2021\\\/04\\\/053...La-bataille-de-Mu_ta-suivie-de-2-detachements.mp3\",\"thumb\":{\"src\":\"\"}},{\"artist\":\"\",\"artworkId\":0,\"artworkUrl\":\"\",\"audioId\":3586,\"audioUrl\":\"https:\\\/\\\/tidjaniya.com\\\/fr\\\/wp-content\\\/uploads\\\/2021\\\/04\\\/054...La-conquete-de-La-Mecque.mp3\",\"format\":\"mp3\",\"length\":\"31:46\",\"title\":\"054...La conqu\\u00eate de La Mecque\",\"order\":53,\"mp3\":\"https:\\\/\\\/tidjaniya.com\\\/fr\\\/wp-content\\\/uploads\\\/2021\\\/04\\\/054...La-conquete-de-La-Mecque.mp3\",\"meta\":{\"artist\":\"\",\"length_formatted\":\"31:46\"},\"src\":\"https:\\\/\\\/tidjaniya.com\\\/fr\\\/wp-content\\\/uploads\\\/2021\\\/04\\\/054...La-conquete-de-La-Mecque.mp3\",\"thumb\":{\"src\":\"\"}},{\"artist\":\"\",\"artworkId\":0,\"artworkUrl\":\"\",\"audioId\":3587,\"audioUrl\":\"https:\\\/\\\/tidjaniya.com\\\/fr\\\/wp-content\\\/uploads\\\/2021\\\/04\\\/055...La-troisieme-phase.mp3\",\"format\":\"mp3\",\"length\":\"32:03\",\"title\":\"055...La troisi\\u00e8me phase\",\"order\":54,\"mp3\":\"https:\\\/\\\/tidjaniya.com\\\/fr\\\/wp-content\\\/uploads\\\/2021\\\/04\\\/055...La-troisieme-phase.mp3\",\"meta\":{\"artist\":\"\",\"length_formatted\":\"32:03\"},\"src\":\"https:\\\/\\\/tidjaniya.com\\\/fr\\\/wp-content\\\/uploads\\\/2021\\\/04\\\/055...La-troisieme-phase.mp3\",\"thumb\":{\"src\":\"\"}},{\"artist\":\"\",\"artworkId\":0,\"artworkUrl\":\"\",\"audioId\":3588,\"audioUrl\":\"https:\\\/\\\/tidjaniya.com\\\/fr\\\/wp-content\\\/uploads\\\/2021\\\/04\\\/056...L_expedition-de-Tabuk-.mp3\",\"format\":\"mp3\",\"length\":\"25:19\",\"title\":\"056...L_exp\\u00e9dition de Tab\\u00fbk\",\"order\":55,\"mp3\":\"https:\\\/\\\/tidjaniya.com\\\/fr\\\/wp-content\\\/uploads\\\/2021\\\/04\\\/056...L_expedition-de-Tabuk-.mp3\",\"meta\":{\"artist\":\"\",\"length_formatted\":\"25:19\"},\"src\":\"https:\\\/\\\/tidjaniya.com\\\/fr\\\/wp-content\\\/uploads\\\/2021\\\/04\\\/056...L_expedition-de-Tabuk-.mp3\",\"thumb\":{\"src\":\"\"}},{\"artist\":\"\",\"artworkId\":0,\"artworkUrl\":\"\",\"audioId\":3589,\"audioUrl\":\"https:\\\/\\\/tidjaniya.com\\\/fr\\\/wp-content\\\/uploads\\\/2021\\\/04\\\/057...Abu-Bakr-conduit-les-pelerins-a-La-Mecque.mp3\",\"format\":\"mp3\",\"length\":\"2:14\",\"title\":\"057...Abu Bakr conduit les p\\u00e8lerins \\u00e0 La Mecque\",\"order\":56,\"mp3\":\"https:\\\/\\\/tidjaniya.com\\\/fr\\\/wp-content\\\/uploads\\\/2021\\\/04\\\/057...Abu-Bakr-conduit-les-pelerins-a-La-Mecque.mp3\",\"meta\":{\"artist\":\"\",\"length_formatted\":\"2:14\"},\"src\":\"https:\\\/\\\/tidjaniya.com\\\/fr\\\/wp-content\\\/uploads\\\/2021\\\/04\\\/057...Abu-Bakr-conduit-les-pelerins-a-La-Mecque.mp3\",\"thumb\":{\"src\":\"\"}},{\"artist\":\"\",\"artworkId\":0,\"artworkUrl\":\"\",\"audioId\":3590,\"audioUrl\":\"https:\\\/\\\/tidjaniya.com\\\/fr\\\/wp-content\\\/uploads\\\/2021\\\/04\\\/058...Les-gens-adherent-a-la-religion-de-Dieupar-vagues-successives-les-delegations.mp3\",\"format\":\"mp3\",\"length\":\"5:42\",\"title\":\"058...Les gens adh\\u00e8rent \\u00e0 la religion de Dieupar vagues successives, les d\\u00e9l\\u00e9gations\",\"order\":57,\"mp3\":\"https:\\\/\\\/tidjaniya.com\\\/fr\\\/wp-content\\\/uploads\\\/2021\\\/04\\\/058...Les-gens-adherent-a-la-religion-de-Dieupar-vagues-successives-les-delegations.mp3\",\"meta\":{\"artist\":\"\",\"length_formatted\":\"5:42\"},\"src\":\"https:\\\/\\\/tidjaniya.com\\\/fr\\\/wp-content\\\/uploads\\\/2021\\\/04\\\/058...Les-gens-adherent-a-la-religion-de-Dieupar-vagues-successives-les-delegations.mp3\",\"thumb\":{\"src\":\"\"}},{\"artist\":\"\",\"artworkId\":0,\"artworkUrl\":\"\",\"audioId\":3591,\"audioUrl\":\"https:\\\/\\\/tidjaniya.com\\\/fr\\\/wp-content\\\/uploads\\\/2021\\\/04\\\/059...Le-pelerinage-d_adieu.mp3\",\"format\":\"mp3\",\"length\":\"13:59\",\"title\":\"059...Le p\\u00e8lerinage d_adieu\",\"order\":58,\"mp3\":\"https:\\\/\\\/tidjaniya.com\\\/fr\\\/wp-content\\\/uploads\\\/2021\\\/04\\\/059...Le-pelerinage-d_adieu.mp3\",\"meta\":{\"artist\":\"\",\"length_formatted\":\"13:59\"},\"src\":\"https:\\\/\\\/tidjaniya.com\\\/fr\\\/wp-content\\\/uploads\\\/2021\\\/04\\\/059...Le-pelerinage-d_adieu.mp3\",\"thumb\":{\"src\":\"\"}},{\"artist\":\"\",\"artworkId\":0,\"artworkUrl\":\"\",\"audioId\":3592,\"audioUrl\":\"https:\\\/\\\/tidjaniya.com\\\/fr\\\/wp-content\\\/uploads\\\/2021\\\/04\\\/060...Les-dernieres-expeditions.mp3\",\"format\":\"mp3\",\"length\":\"1:50\",\"title\":\"060...Les derni\\u00e8res exp\\u00e9ditions\",\"order\":59,\"mp3\":\"https:\\\/\\\/tidjaniya.com\\\/fr\\\/wp-content\\\/uploads\\\/2021\\\/04\\\/060...Les-dernieres-expeditions.mp3\",\"meta\":{\"artist\":\"\",\"length_formatted\":\"1:50\"},\"src\":\"https:\\\/\\\/tidjaniya.com\\\/fr\\\/wp-content\\\/uploads\\\/2021\\\/04\\\/060...Les-dernieres-expeditions.mp3\",\"thumb\":{\"src\":\"\"}},{\"artist\":\"\",\"artworkId\":0,\"artworkUrl\":\"\",\"audioId\":3593,\"audioUrl\":\"https:\\\/\\\/tidjaniya.com\\\/fr\\\/wp-content\\\/uploads\\\/2021\\\/04\\\/061...Vers-la-compagnie-supreme.mp3\",\"format\":\"mp3\",\"length\":\"20:27\",\"title\":\"061...Vers la compagnie supr\\u00eame\",\"order\":60,\"mp3\":\"https:\\\/\\\/tidjaniya.com\\\/fr\\\/wp-content\\\/uploads\\\/2021\\\/04\\\/061...Vers-la-compagnie-supreme.mp3\",\"meta\":{\"artist\":\"\",\"length_formatted\":\"20:27\"},\"src\":\"https:\\\/\\\/tidjaniya.com\\\/fr\\\/wp-content\\\/uploads\\\/2021\\\/04\\\/061...Vers-la-compagnie-supreme.mp3\",\"thumb\":{\"src\":\"\"}},{\"artist\":\"\",\"artworkId\":0,\"artworkUrl\":\"\",\"audioId\":3594,\"audioUrl\":\"https:\\\/\\\/tidjaniya.com\\\/fr\\\/wp-content\\\/uploads\\\/2021\\\/04\\\/062...La-maisonnee-du-Prophete.mp3\",\"format\":\"mp3\",\"length\":\"20:05\",\"title\":\"062...La maisonn\\u00e9e du Proph\\u00e8te\",\"order\":61,\"mp3\":\"https:\\\/\\\/tidjaniya.com\\\/fr\\\/wp-content\\\/uploads\\\/2021\\\/04\\\/062...La-maisonnee-du-Prophete.mp3\",\"meta\":{\"artist\":\"\",\"length_formatted\":\"20:05\"},\"src\":\"https:\\\/\\\/tidjaniya.com\\\/fr\\\/wp-content\\\/uploads\\\/2021\\\/04\\\/062...La-maisonnee-du-Prophete.mp3\",\"thumb\":{\"src\":\"\"}},{\"artist\":\"\",\"artworkId\":0,\"artworkUrl\":\"\",\"audioId\":3595,\"audioUrl\":\"https:\\\/\\\/tidjaniya.com\\\/fr\\\/wp-content\\\/uploads\\\/2021\\\/04\\\/063...Les-qualites-et-caracteres-du-Prophete.mp3\",\"format\":\"mp3\",\"length\":\"24:00\",\"title\":\"063...Les qualit\\u00e9s et caract\\u00e8res du Proph\\u00e8te\",\"order\":62,\"mp3\":\"https:\\\/\\\/tidjaniya.com\\\/fr\\\/wp-content\\\/uploads\\\/2021\\\/04\\\/063...Les-qualites-et-caracteres-du-Prophete.mp3\",\"meta\":{\"artist\":\"\",\"length_formatted\":\"24:00\"},\"src\":\"https:\\\/\\\/tidjaniya.com\\\/fr\\\/wp-content\\\/uploads\\\/2021\\\/04\\\/063...Les-qualites-et-caracteres-du-Prophete.mp3\",\"thumb\":{\"src\":\"\"}}]}<\/script>\n\t\t<\/div>\n\n\n\n<div style=\"height:100px\" aria-hidden=\"true\" class=\"wp-block-spacer\"><\/div>\n\n\n\n<div class=\"wp-block-uagb-advanced-heading uagb-block-93307ab0\"><h2 class=\"uagb-heading-text\">Lire la Vie du Proph\u00e8te, Pri\u00e8re et Paix sur Lui<\/h2><div class=\"uagb-separator-wrap\"><div class=\"uagb-separator\"><\/div><\/div><p class=\"uagb-desc-text\">R\u00e9cit du Livre \u00ab\u00a0Le Nectar Cachet\u00e9\u00a0\u00bb<\/p><\/div>\n\n\n\n<div class=\"wp-block-pdfjsblock-pdfjs-embed pdfjs-wrapper\"><\/div>\n","protected":false},"excerpt":{"rendered":"<p>Ecouter et Lire la Vie du Proph\u00e8te, Pri\u00e8re et Paix sur Lui<\/p>\n","protected":false},"author":1,"featured_media":3633,"comment_status":"closed","ping_status":"open","sticky":false,"template":"","format":"standard","meta":{"_uag_custom_page_level_css":"","footnotes":""},"categories":[74],"tags":[],"class_list":["post-621","post","type-post","status-publish","format-standard","has-post-thumbnail","hentry","category-sira-nabawiya"],"blocksy_meta":{"post_title_panel":"","has_hero_section":"default","be94d05e31635eaae7cd2d3f48ea5b09":"","hero_section":"type-1","hero_elements":[{"id":"custom_title","enabled":true,"heading_tag":"h1","title":"Accueil"},{"id":"custom_description","enabled":true,"description_visibility":{"desktop":true,"tablet":true,"mobile":false}},{"id":"custom_meta","enabled":true,"meta_elements":[{"id":"author","enabled":true,"label":"Par","has_author_avatar":"yes","avatar_size":25},{"id":"post_date","enabled":true,"label":"Sur","date_format_source":"default","date_format":"M j, Y"},{"id":"categories","enabled":true,"label":"Dans","style":"simple"},{"id":"comments","enabled":true}],"page_meta_elements":{"joined":true,"articles_count":true,"comments":true}},{"id":"breadcrumbs","enabled":false}],"7a77e4925c40bf1bdf7f475bc6eee749":"","hero_alignment1":"left","hero_margin":{"desktop":50,"tablet":30,"mobile":30},"hero_alignment2":"center","hero_vertical_alignment":"center","160a6bb0ab1893691292cd4ce6fa5619":"","hero_structure":"narrow","e0855e5ffbbf2fe192503656831cd872":"","page_title_bg_type":"featured_image","custom_hero_background":{"attachment_id":null},"parallax":{"desktop":false,"tablet":false,"mobile":false},"f86d843a7379e73cbb111e1a2e21f85e":"","hero_height":"250px","pageTitleFont":{"family":"Default","variation":"Default","size":{"desktop":"32px","tablet":"30px","mobile":"25px"},"line-height":"CT_CSS_SKIP_RULE","letter-spacing":"CT_CSS_SKIP_RULE","text-transform":"CT_CSS_SKIP_RULE","text-decoration":"CT_CSS_SKIP_RULE"},"pageTitleFontColor":{"default":{"color":"CT_CSS_SKIP_RULEDEFAULT"}},"pageMetaFont":{"family":"Default","variation":"n6","size":"12px","line-height":"1.3","letter-spacing":"CT_CSS_SKIP_RULE","text-transform":"uppercase","text-decoration":"CT_CSS_SKIP_RULE"},"pageMetaFontColor":{"default":{"color":"CT_CSS_SKIP_RULEDEFAULT"},"hover":{"color":"CT_CSS_SKIP_RULEDEFAULT"}},"pageExcerptFont":{"family":"Default","variation":"Default","size":"CT_CSS_SKIP_RULE","line-height":"CT_CSS_SKIP_RULE","letter-spacing":"CT_CSS_SKIP_RULE","text-transform":"CT_CSS_SKIP_RULE","text-decoration":"CT_CSS_SKIP_RULE"},"pageExcerptColor":{"default":{"color":"CT_CSS_SKIP_RULEDEFAULT"}},"breadcrumbsFont":{"family":"Default","variation":"n6","size":"12px","line-height":"CT_CSS_SKIP_RULE","letter-spacing":"CT_CSS_SKIP_RULE","text-transform":"uppercase","text-decoration":"CT_CSS_SKIP_RULE"},"breadcrumbsFontColor":{"default":{"color":"CT_CSS_SKIP_RULEDEFAULT"},"initial":{"color":"CT_CSS_SKIP_RULEDEFAULT"},"hover":{"color":"CT_CSS_SKIP_RULEDEFAULT"}},"pageTitleOverlay":{"default":{"color":"CT_CSS_SKIP_RULE"}},"pageTitleBackground":{"background_type":"color","background_pattern":"type-1","background_image":{"attachment_id":null,"x":0,"y":0},"gradient":"linear-gradient(135deg,rgba(6,147,227,1) 0%,rgb(155,81,224) 100%)","background_repeat":"no-repeat","background_size":"auto","background_attachment":"scroll","patternColor":{"default":{"color":"#e5e7ea"}},"overlayColor":{"default":{"color":"CT_CSS_SKIP_RULE"}},"backgroundColor":{"default":{"color":"#EDEFF2"}}},"pageTitlePadding":{"top":"50px","bottom":"50px","left":"auto","right":"auto","linked":true},"ed086af4fe8e80abe279ba9265ebd3c5":"","page_structure_type":"default","content_style":"inherit","vertical_spacing_source":"inherit","content_area_spacing":"both","background":{"background_type":"color","background_pattern":"type-1","background_image":{"attachment_id":null,"x":0,"y":0},"gradient":"linear-gradient(135deg,rgba(6,147,227,1) 0%,rgb(155,81,224) 100%)","background_repeat":"no-repeat","background_size":"auto","background_attachment":"scroll","patternColor":{"default":{"color":"#e5e7ea"}},"overlayColor":{"default":{"color":"CT_CSS_SKIP_RULE"}},"backgroundColor":{"default":{"color":"CT_CSS_SKIP_RULE"}}},"content_background":{"background_type":"color","background_pattern":"type-1","background_image":{"attachment_id":null,"x":0,"y":0},"gradient":"linear-gradient(135deg,rgba(6,147,227,1) 0%,rgb(155,81,224) 100%)","background_repeat":"no-repeat","background_size":"auto","background_attachment":"scroll","patternColor":{"default":{"color":"#e5e7ea"}},"overlayColor":{"default":{"color":"CT_CSS_SKIP_RULE"}},"backgroundColor":{"default":{"color":"#ffffff"}}},"content_boxed_shadow":{"inherit":false,"blur":18,"spread":-6,"v_offset":12,"h_offset":0,"inset":false,"enable":true,"color":{"color":"rgba(34, 56, 101, 0.04)"}},"boxed_content_spacing":{"desktop":{"top":"40px","bottom":"40px","left":"40px","right":"40px","linked":true},"tablet":{"top":"35px","bottom":"35px","left":"35px","right":"35px","linked":true},"mobile":{"top":"20px","bottom":"20px","left":"20px","right":"20px","linked":true}},"content_boxed_radius":{"top":"3px","bottom":"3px","left":"3px","right":"3px","linked":true},"79ea40e3acbce3ace57baa509675ee6b":"","disable_featured_image":"no","disable_post_tags":"no","disable_share_box":"no","disable_author_box":"no","disable_posts_navigation":"no","fd3036de4a42abc13bf35c581862a7eb":"","disable_related_posts":"no","disable_header":"no","disable_footer":"no","171984f013c7c3596d82b5da3f912ee3":"","0bb0917385fac6f5f0a7d79b04aeb964":"","b6091dbf87d3d3c96da9377d21594fc9":"","e38be716c92519a835f9385479fd3161":"","6e5d606a61c82b5d1737fc21eb8d8cf4":"","34a6f7e1b11004038a4c939dd1b03d51":"","ce3dcbb80eac906c387eeb137faddb3d":"","2c4958262d9e592853bff301ae2ca7a2":"","8ff22d7b6d2c8ad7275731eb29e61824":"","0712f86b7f77de17dc5fa4c9b6478564":"","dadbafac3e752cf7eb8da4fe2d71b294":"","00007a399aed59e472daee30a8a924c9":"","b92a949a7b75c3c04070de7bcbf140ed":"","1c7b01b9821576682c5c4df4d8f1171f":"","d0787f67ff98f5e562fe40811c751770":"","607067521e229313ac76a401f7353b97":""},"featured_image_urls_v2":{"full":["https:\/\/tidjaniya.com\/fr\/wp-content\/uploads\/2021\/01\/masjid-nabawi.jpeg",2560,1696,false],"thumbnail":["https:\/\/tidjaniya.com\/fr\/wp-content\/uploads\/2021\/01\/masjid-nabawi-150x150.jpeg",150,150,true],"medium":["https:\/\/tidjaniya.com\/fr\/wp-content\/uploads\/2021\/01\/masjid-nabawi-300x199.jpeg",300,199,true],"medium_large":["https:\/\/tidjaniya.com\/fr\/wp-content\/uploads\/2021\/01\/masjid-nabawi-768x509.jpeg",768,509,true],"large":["https:\/\/tidjaniya.com\/fr\/wp-content\/uploads\/2021\/01\/masjid-nabawi-1024x678.jpeg",1024,678,true],"1536x1536":["https:\/\/tidjaniya.com\/fr\/wp-content\/uploads\/2021\/01\/masjid-nabawi-1536x1018.jpeg",1536,1018,true],"2048x2048":["https:\/\/tidjaniya.com\/fr\/wp-content\/uploads\/2021\/01\/masjid-nabawi-2048x1357.jpeg",2048,1357,true]},"post_excerpt_stackable_v2":"<p>Ecouter et Lire la Vie du Proph\u00e8te, Pri\u00e8re et Paix sur Lui<\/p>\n","category_list_v2":"<a href=\"https:\/\/tidjaniya.com\/fr\/category\/sira-nabawiya\/\" rel=\"category tag\">Sira Nabawiya<\/a>","author_info_v2":{"name":"webmastertidjaniyafrancais","url":"https:\/\/tidjaniya.com\/fr\/author\/webmastertidjaniyafrancais\/"},"comments_num_v2":"0 commentaire","uagb_featured_image_src":{"full":["https:\/\/tidjaniya.com\/fr\/wp-content\/uploads\/2021\/01\/masjid-nabawi.jpeg",2560,1696,false],"thumbnail":["https:\/\/tidjaniya.com\/fr\/wp-content\/uploads\/2021\/01\/masjid-nabawi-150x150.jpeg",150,150,true],"medium":["https:\/\/tidjaniya.com\/fr\/wp-content\/uploads\/2021\/01\/masjid-nabawi-300x199.jpeg",300,199,true],"medium_large":["https:\/\/tidjaniya.com\/fr\/wp-content\/uploads\/2021\/01\/masjid-nabawi-768x509.jpeg",768,509,true],"large":["https:\/\/tidjaniya.com\/fr\/wp-content\/uploads\/2021\/01\/masjid-nabawi-1024x678.jpeg",1024,678,true],"1536x1536":["https:\/\/tidjaniya.com\/fr\/wp-content\/uploads\/2021\/01\/masjid-nabawi-1536x1018.jpeg",1536,1018,true],"2048x2048":["https:\/\/tidjaniya.com\/fr\/wp-content\/uploads\/2021\/01\/masjid-nabawi-2048x1357.jpeg",2048,1357,true]},"uagb_author_info":{"display_name":"webmastertidjaniyafrancais","author_link":"https:\/\/tidjaniya.com\/fr\/author\/webmastertidjaniyafrancais\/"},"uagb_comment_info":0,"uagb_excerpt":"Ecouter et Lire la Vie du Proph\u00e8te, Pri\u00e8re et Paix sur Lui","_links":{"self":[{"href":"https:\/\/tidjaniya.com\/fr\/wp-json\/wp\/v2\/posts\/621","targetHints":{"allow":["GET"]}}],"collection":[{"href":"https:\/\/tidjaniya.com\/fr\/wp-json\/wp\/v2\/posts"}],"about":[{"href":"https:\/\/tidjaniya.com\/fr\/wp-json\/wp\/v2\/types\/post"}],"author":[{"embeddable":true,"href":"https:\/\/tidjaniya.com\/fr\/wp-json\/wp\/v2\/users\/1"}],"replies":[{"embeddable":true,"href":"https:\/\/tidjaniya.com\/fr\/wp-json\/wp\/v2\/comments?post=621"}],"version-history":[{"count":51,"href":"https:\/\/tidjaniya.com\/fr\/wp-json\/wp\/v2\/posts\/621\/revisions"}],"predecessor-version":[{"id":4380,"href":"https:\/\/tidjaniya.com\/fr\/wp-json\/wp\/v2\/posts\/621\/revisions\/4380"}],"wp:featuredmedia":[{"embeddable":true,"href":"https:\/\/tidjaniya.com\/fr\/wp-json\/wp\/v2\/media\/3633"}],"wp:attachment":[{"href":"https:\/\/tidjaniya.com\/fr\/wp-json\/wp\/v2\/media?parent=621"}],"wp:term":[{"taxonomy":"category","embeddable":true,"href":"https:\/\/tidjaniya.com\/fr\/wp-json\/wp\/v2\/categories?post=621"},{"taxonomy":"post_tag","embeddable":true,"href":"https:\/\/tidjaniya.com\/fr\/wp-json\/wp\/v2\/tags?post=621"}],"curies":[{"name":"wp","href":"https:\/\/api.w.org\/{rel}","templated":true}]}}